{"id":113134,"date":"2025-02-06T02:40:09","date_gmt":"2025-02-06T05:40:09","guid":{"rendered":"https:\/\/laurbedigital.com.ar\/noticias\/?p=113134"},"modified":"2025-02-06T02:40:09","modified_gmt":"2025-02-06T05:40:09","slug":"nestle-cierra-una-planta-en-cordoba-durante-marzo-y-crece-la-preocupacion-entre-los-trabajadores","status":"publish","type":"post","link":"https:\/\/laurbedigital.com.ar\/noticias\/2025\/02\/06\/nestle-cierra-una-planta-en-cordoba-durante-marzo-y-crece-la-preocupacion-entre-los-trabajadores\/","title":{"rendered":"Nestl\u00e9 cierra una planta en C\u00f3rdoba durante marzo y crece la preocupaci\u00f3n entre los trabajadores"},"content":{"rendered":"<p>La multinacional suiza Nestl\u00e9 anunci\u00f3 el cierre temporal de su planta en Villa Nueva, C\u00f3rdoba, durante todo el mes de marzo. La medida genera incertidumbre entre los empleados, quienes fueron forzados a tomarse vacaciones sin posibilidad de elegir las fechas. Desde el Sindicato de Trabajadores de la Industria de la Alimentaci\u00f3n (STIA) alertan que esta situaci\u00f3n podr\u00eda ser el preludio de decisiones m\u00e1s dr\u00e1sticas en el futuro.<\/p>\n<p>La noticia tom\u00f3 por sorpresa a los trabajadores de la planta ubicada frente al barrio Ctalamochita. \u00abNos desayunamos con la informaci\u00f3n de que la f\u00e1brica va a estar parada en marzo y, en consecuencia, todos los empleados deber\u00e1n tomarse vacaciones en ese per\u00edodo\u00bb, expres\u00f3 Fernando Mart\u00edn P\u00e1ez, secretario general del STIA en Villa Mar\u00eda. La decisi\u00f3n, seg\u00fan la empresa, responde a un exceso de stock de productos y la necesidad de mantenimiento de la f\u00e1brica, que originalmente estaba programado para julio.<\/p>\n<p>El gremio cuestion\u00f3 duramente la postura de Nestl\u00e9, se\u00f1alando que la obligaci\u00f3n de tomar vacaciones en una fecha impuesta por la compa\u00f1\u00eda va en contra de las normas internas de la firma. \u00abSiempre el ajuste lo pagan los trabajadores. Si tienen sobrestock, que bajen los precios y vendan m\u00e1s, pero no pueden trasladar el problema a los empleados\u00bb, sostuvo P\u00e1ez.<\/p>\n<p>Uno de los puntos m\u00e1s criticados es la forma en que la medida fue implementada. \u00abEl viernes pasado, la jefa de Recursos Humanos estaba haci\u00e9ndoles firmar las vacaciones a todos, lo cual es claramente una presi\u00f3n indebida\u00bb, denunci\u00f3 el sindicalista. Seg\u00fan P\u00e1ez, este tipo de decisiones generan un \u00abclima laboral hostil\u00bb y \u00abuna psicosis colectiva\u00bb dentro de la planta.<\/p>\n<p>La preocupaci\u00f3n entre los empleados es palpable. Aunque hasta el momento no se anunciaron despidos, el contexto econ\u00f3mico del pa\u00eds y la creciente desocupaci\u00f3n alimentan los temores de que esta situaci\u00f3n sea solo el primer paso hacia recortes de personal. \u00abHoy nos dicen que son vacaciones forzadas, pero ma\u00f1ana podr\u00edan ser desvinculaciones\u00bb, advirti\u00f3 el dirigente gremial.<\/p>\n<p>La industria alimenticia atraviesa un escenario complicado, con ca\u00edda del consumo y una inflaci\u00f3n que impacta en los costos de producci\u00f3n. En este contexto, medidas como la de Nestl\u00e9 no hacen m\u00e1s que encender las alarmas sobre el futuro del empleo en el sector. Mientras tanto, los trabajadores de la planta cordobesa contin\u00faan en vilo, esperando que esta pausa obligada no derive en un cierre definitivo o en ajustes a\u00fan m\u00e1s dr\u00e1sticos.<\/p>\n","protected":false},"excerpt":{"rendered":"<p>La multinacional suiza Nestl\u00e9 anunci\u00f3 el cierre temporal de su planta en Villa Nueva, C\u00f3rdoba, durante todo el mes de<\/p>\n","protected":false},"author":1,"featured_media":113135,"comment_status":"closed","ping_status":"closed","sticky":false,"template":"","format":"standard","meta":{"kia_subtitle":"El personal fue obligado a tomarse vacaciones forzadas, mientras el gremio advierte sobre posibles consecuencias m\u00e1s graves.","footnotes":"","jetpack_publicize_message":"","jetpack_publicize_feature_enabled":true,"jetpack_social_post_already_shared":true,"jetpack_social_options":{"image_generator_settings":{"template":"highway","default_image_id":0,"font":"","enabled":false},"version":2}},"categories":[3,41],"tags":[],"class_list":["post-113134","post","type-post","status-publish","format-standard","has-post-thumbnail","hentry","category-actualidad","category-nacionales"],"jetpack_publicize_connections":[],"jetpack_featured_media_url":"https:\/\/laurbedigital.com.ar\/noticias\/wp-content\/uploads\/2025\/02\/20250206-Nestle.jpg","_links":{"self":[{"href":"https:\/\/laurbedigital.com.ar\/noticias\/wp-json\/wp\/v2\/posts\/113134","targetHints":{"allow":["GET"]}}],"collection":[{"href":"https:\/\/laurbedigital.com.ar\/noticias\/wp-json\/wp\/v2\/posts"}],"about":[{"href":"https:\/\/laurbedigital.com.ar\/noticias\/wp-json\/wp\/v2\/types\/post"}],"author":[{"embeddable":true,"href":"https:\/\/laurbedigital.com.ar\/noticias\/wp-json\/wp\/v2\/users\/1"}],"replies":[{"embeddable":true,"href":"https:\/\/laurbedigital.com.ar\/noticias\/wp-json\/wp\/v2\/comments?post=113134"}],"version-history":[{"count":2,"href":"https:\/\/laurbedigital.com.ar\/noticias\/wp-json\/wp\/v2\/posts\/113134\/revisions"}],"predecessor-version":[{"id":113137,"href":"https:\/\/laurbedigital.com.ar\/noticias\/wp-json\/wp\/v2\/posts\/113134\/revisions\/113137"}],"wp:featuredmedia":[{"embeddable":true,"href":"https:\/\/laurbedigital.com.ar\/noticias\/wp-json\/wp\/v2\/media\/113135"}],"wp:attachment":[{"href":"https:\/\/laurbedigital.com.ar\/noticias\/wp-json\/wp\/v2\/media?parent=113134"}],"wp:term":[{"taxonomy":"category","embeddable":true,"href":"https:\/\/laurbedigital.com.ar\/noticias\/wp-json\/wp\/v2\/categories?post=113134"},{"taxonomy":"post_tag","embeddable":true,"href":"https:\/\/laurbedigital.com.ar\/noticias\/wp-json\/wp\/v2\/tags?post=113134"}],"curies":[{"name":"wp","href":"https:\/\/api.w.org\/{rel}","templated":true}]}}