{"id":113126,"date":"2025-02-06T02:15:32","date_gmt":"2025-02-06T05:15:32","guid":{"rendered":"https:\/\/laurbedigital.com.ar\/noticias\/?p=113126"},"modified":"2025-02-06T02:15:32","modified_gmt":"2025-02-06T05:15:32","slug":"suba-de-biocombustibles-impacto-en-los-surtidores-y-el-consumo","status":"publish","type":"post","link":"https:\/\/laurbedigital.com.ar\/noticias\/2025\/02\/06\/suba-de-biocombustibles-impacto-en-los-surtidores-y-el-consumo\/","title":{"rendered":"Suba de biocombustibles: impacto en los surtidores y el consumo"},"content":{"rendered":"<p>El Gobierno dispuso un nuevo incremento en los precios de los biocombustibles, lo que podr\u00eda traducirse en un ajuste en los valores de la nafta y el gasoil. La medida, oficializada a trav\u00e9s de resoluciones de la Secretar\u00eda de Energ\u00eda, se implementa en medio de un mercado con una fuerte retracci\u00f3n del consumo.<\/p>\n<p>A partir de este mi\u00e9rcoles, el bioetanol a base de ca\u00f1a de az\u00facar subir\u00e1 a $717,88 por litro, mientras que el elaborado a base de ma\u00edz alcanzar\u00e1 los $657,96. En tanto, el biodi\u00e9sel se incrementar\u00e1 un 4%, fijando su precio en $1.107.605 por tonelada. Seg\u00fan la cartera de Energ\u00eda, los ajustes buscan compensar desfasajes en los costos de producci\u00f3n y evitar \u00abdistorsiones\u00bb en los valores de los combustibles l\u00edquidos.<\/p>\n<p>Los biocombustibles tienen un papel clave en el mercado: el bioetanol representa el 5% del corte en la nafta, mientras que el biodi\u00e9sel es utilizado en la misma proporci\u00f3n en el gasoil. Por ello, cualquier aumento en sus precios suele tener un impacto en el surtidor. En este caso, la suba del 2% en el bioetanol y del 4% en el biodi\u00e9sel podr\u00eda traducirse en un encarecimiento del combustible final, presionando a\u00fan m\u00e1s a un mercado que atraviesa una crisis de demanda.<\/p>\n<p>Las cifras de la Secretar\u00eda de Energ\u00eda muestran que 2024 cerr\u00f3 con el menor nivel de ventas de combustibles de los \u00faltimos tres a\u00f1os, con una comercializaci\u00f3n total de 16,8 millones de metros c\u00fabicos. La ca\u00edda fue generalizada en todas las provincias y afect\u00f3 en mayor medida al gasoil, un insumo esencial para la actividad agr\u00edcola y el transporte de mercader\u00edas. La retracci\u00f3n econ\u00f3mica redujo la demanda de combustibles, con un impacto m\u00e1s notorio en el sector productivo.<\/p>\n<p>Con una menor circulaci\u00f3n de veh\u00edculos y un consumo en baja, la suba de los biocombustibles podr\u00eda generar m\u00e1s presi\u00f3n sobre los costos de la cadena de distribuci\u00f3n. La preocupaci\u00f3n radica en que, ante una demanda en declive, un nuevo ajuste en los precios podr\u00eda agravar la ca\u00edda en las ventas y profundizar la contracci\u00f3n econ\u00f3mica.<\/p>\n<p>Si bien el Gobierno argumenta que la actualizaci\u00f3n busca acompasar los costos de producci\u00f3n y garantizar la estabilidad del mercado de combustibles, el contexto econ\u00f3mico complica la situaci\u00f3n. Con el poder adquisitivo golpeado y el consumo en retroceso, la incertidumbre sobre la evoluci\u00f3n de los precios sigue latente.<\/p>\n","protected":false},"excerpt":{"rendered":"<p>El Gobierno dispuso un nuevo incremento en los precios de los biocombustibles, lo que podr\u00eda traducirse en un ajuste en<\/p>\n","protected":false},"author":1,"featured_media":13229,"comment_status":"closed","ping_status":"closed","sticky":false,"template":"","format":"standard","meta":{"kia_subtitle":"El aumento de precios del bioetanol y el biodi\u00e9sel podr\u00eda trasladarse a los combustibles f\u00f3siles en un contexto de ca\u00edda en las ventas.","footnotes":"","jetpack_publicize_message":"","jetpack_publicize_feature_enabled":true,"jetpack_social_post_already_shared":true,"jetpack_social_options":{"image_generator_settings":{"template":"highway","default_image_id":0,"font":"","enabled":false},"version":2}},"categories":[3,41],"tags":[],"class_list":["post-113126","post","type-post","status-publish","format-standard","has-post-thumbnail","hentry","category-actualidad","category-nacionales"],"jetpack_publicize_connections":[],"jetpack_featured_media_url":"https:\/\/laurbedigital.com.ar\/noticias\/wp-content\/uploads\/2018\/05\/20180519-brown3.jpg","_links":{"self":[{"href":"https:\/\/laurbedigital.com.ar\/noticias\/wp-json\/wp\/v2\/posts\/113126","targetHints":{"allow":["GET"]}}],"collection":[{"href":"https:\/\/laurbedigital.com.ar\/noticias\/wp-json\/wp\/v2\/posts"}],"about":[{"href":"https:\/\/laurbedigital.com.ar\/noticias\/wp-json\/wp\/v2\/types\/post"}],"author":[{"embeddable":true,"href":"https:\/\/laurbedigital.com.ar\/noticias\/wp-json\/wp\/v2\/users\/1"}],"replies":[{"embeddable":true,"href":"https:\/\/laurbedigital.com.ar\/noticias\/wp-json\/wp\/v2\/comments?post=113126"}],"version-history":[{"count":2,"href":"https:\/\/laurbedigital.com.ar\/noticias\/wp-json\/wp\/v2\/posts\/113126\/revisions"}],"predecessor-version":[{"id":113128,"href":"https:\/\/laurbedigital.com.ar\/noticias\/wp-json\/wp\/v2\/posts\/113126\/revisions\/113128"}],"wp:featuredmedia":[{"embeddable":true,"href":"https:\/\/laurbedigital.com.ar\/noticias\/wp-json\/wp\/v2\/media\/13229"}],"wp:attachment":[{"href":"https:\/\/laurbedigital.com.ar\/noticias\/wp-json\/wp\/v2\/media?parent=113126"}],"wp:term":[{"taxonomy":"category","embeddable":true,"href":"https:\/\/laurbedigital.com.ar\/noticias\/wp-json\/wp\/v2\/categories?post=113126"},{"taxonomy":"post_tag","embeddable":true,"href":"https:\/\/laurbedigital.com.ar\/noticias\/wp-json\/wp\/v2\/tags?post=113126"}],"curies":[{"name":"wp","href":"https:\/\/api.w.org\/{rel}","templated":true}]}}