{"id":113076,"date":"2025-02-04T00:54:33","date_gmt":"2025-02-04T03:54:33","guid":{"rendered":"https:\/\/laurbedigital.com.ar\/noticias\/?p=113076"},"modified":"2025-02-04T00:54:33","modified_gmt":"2025-02-04T03:54:33","slug":"the-last-of-us-la-segunda-temporada-trae-cambios-y-un-nuevo-enfoque","status":"publish","type":"post","link":"https:\/\/laurbedigital.com.ar\/noticias\/2025\/02\/04\/the-last-of-us-la-segunda-temporada-trae-cambios-y-un-nuevo-enfoque\/","title":{"rendered":"The Last of Us: la segunda temporada trae cambios y un nuevo enfoque"},"content":{"rendered":"<p>El esperado regreso de \u00abThe Last of Us\u00bb est\u00e1 cada vez m\u00e1s cerca. La segunda temporada de la aclamada serie basada en el videojuego de PlayStation llegar\u00e1 en abril y promete importantes cambios narrativos en su adaptaci\u00f3n televisiva.<\/p>\n<p>En una entrevista exclusiva con Entertainment Weekly, Neil Druckmann, cocreador del videojuego, y Craig Mazin, showrunner de la serie y responsable de \u00abChernobyl\u00bb (2019), adelantaron detalles clave sobre la nueva entrega.<\/p>\n<p>La historia se ubicar\u00e1 cinco a\u00f1os despu\u00e9s de los eventos de la primera temporada. Joel (Pedro Pascal) y Ellie (Bella Ramsey) ahora viven en Jackson, Wyoming, dentro de una comunidad organizada y segura liderada por Mar\u00eda (Rutina Wesley), la esposa de Tommy (Gabriel Luna). Ellie intenta adaptarse a una vida cotidiana m\u00e1s estable e incluso experimenta su primer amor con Dina (Isabela Merced), lo que genera conflictos con su amigo Jesse (Young Mazino). Sin embargo, la tensi\u00f3n entre Ellie y Joel sigue latente debido a las decisiones que \u00e9l tom\u00f3 al final de la primera temporada.<\/p>\n<p>Uno de los personajes m\u00e1s relevantes en la trama ser\u00e1 Abby Williams, interpretada por Kaitlyn Dever. Abby es una soldado altamente entrenada que busca venganza y cuyo sentido del bien y el mal ser\u00e1 puesto a prueba a lo largo de la historia. Aunque en el videojuego su f\u00edsico es notablemente corpulento y atl\u00e9tico, la serie introducir\u00e1 ajustes en su apariencia para adaptarla mejor al formato televisivo. Druckmann destac\u00f3 que Dever logra capturar la esencia emocional del personaje y que su interpretaci\u00f3n ser\u00e1 clave para conectar con el p\u00fablico.<\/p>\n<p>\u00abNos enfrentamos nuevamente a la dificultad de definir a los h\u00e9roes y villanos. Todos los personajes tienen motivaciones complejas y depender\u00e1 de la audiencia decidir c\u00f3mo juzgarlos\u00bb, explic\u00f3 Druckmann.<\/p>\n<p>Otro de los anuncios importantes es que la historia del segundo videojuego no se condensar\u00e1 en una sola temporada. Mazin confirm\u00f3 que el plan es expandir los eventos de \u00abThe Last of Us: Part II\u00bb a lo largo de m\u00e1s de tres temporadas, lo que permitir\u00e1 un desarrollo m\u00e1s detallado de la historia y sus personajes.<\/p>\n<p>Con la expectativa en su punto m\u00e1ximo, \u00abThe Last of Us\u00bb regresa en abril por HBO Max, lista para sorprender con su nueva visi\u00f3n de la historia.<\/p>\n","protected":false},"excerpt":{"rendered":"<p>El esperado regreso de \u00abThe Last of Us\u00bb est\u00e1 cada vez m\u00e1s cerca. La segunda temporada de la aclamada serie<\/p>\n","protected":false},"author":1,"featured_media":110950,"comment_status":"closed","ping_status":"closed","sticky":false,"template":"","format":"standard","meta":{"kia_subtitle":"La exitosa serie de HBO Max regresa con nuevos episodios en abril y varias modificaciones respecto al videojuego original.","footnotes":"","jetpack_publicize_message":"","jetpack_publicize_feature_enabled":true,"jetpack_social_post_already_shared":true,"jetpack_social_options":{"image_generator_settings":{"template":"highway","default_image_id":0,"font":"","enabled":false},"version":2}},"categories":[68,2600],"tags":[],"class_list":["post-113076","post","type-post","status-publish","format-standard","has-post-thumbnail","hentry","category-cine-y-series","category-espectaculo"],"jetpack_publicize_connections":[],"jetpack_featured_media_url":"https:\/\/laurbedigital.com.ar\/noticias\/wp-content\/uploads\/2024\/11\/20241119-The-Last-of-Us.jpg","_links":{"self":[{"href":"https:\/\/laurbedigital.com.ar\/noticias\/wp-json\/wp\/v2\/posts\/113076","targetHints":{"allow":["GET"]}}],"collection":[{"href":"https:\/\/laurbedigital.com.ar\/noticias\/wp-json\/wp\/v2\/posts"}],"about":[{"href":"https:\/\/laurbedigital.com.ar\/noticias\/wp-json\/wp\/v2\/types\/post"}],"author":[{"embeddable":true,"href":"https:\/\/laurbedigital.com.ar\/noticias\/wp-json\/wp\/v2\/users\/1"}],"replies":[{"embeddable":true,"href":"https:\/\/laurbedigital.com.ar\/noticias\/wp-json\/wp\/v2\/comments?post=113076"}],"version-history":[{"count":1,"href":"https:\/\/laurbedigital.com.ar\/noticias\/wp-json\/wp\/v2\/posts\/113076\/revisions"}],"predecessor-version":[{"id":113077,"href":"https:\/\/laurbedigital.com.ar\/noticias\/wp-json\/wp\/v2\/posts\/113076\/revisions\/113077"}],"wp:featuredmedia":[{"embeddable":true,"href":"https:\/\/laurbedigital.com.ar\/noticias\/wp-json\/wp\/v2\/media\/110950"}],"wp:attachment":[{"href":"https:\/\/laurbedigital.com.ar\/noticias\/wp-json\/wp\/v2\/media?parent=113076"}],"wp:term":[{"taxonomy":"category","embeddable":true,"href":"https:\/\/laurbedigital.com.ar\/noticias\/wp-json\/wp\/v2\/categories?post=113076"},{"taxonomy":"post_tag","embeddable":true,"href":"https:\/\/laurbedigital.com.ar\/noticias\/wp-json\/wp\/v2\/tags?post=113076"}],"curies":[{"name":"wp","href":"https:\/\/api.w.org\/{rel}","templated":true}]}}