{"id":113070,"date":"2025-02-04T00:42:58","date_gmt":"2025-02-04T03:42:58","guid":{"rendered":"https:\/\/laurbedigital.com.ar\/noticias\/?p=113070"},"modified":"2025-02-04T00:42:58","modified_gmt":"2025-02-04T03:42:58","slug":"analisis-matematico-cuestiona-hipotesis-oficial-en-el-caso-loan","status":"publish","type":"post","link":"https:\/\/laurbedigital.com.ar\/noticias\/2025\/02\/04\/analisis-matematico-cuestiona-hipotesis-oficial-en-el-caso-loan\/","title":{"rendered":"An\u00e1lisis matem\u00e1tico cuestiona hip\u00f3tesis oficial en el caso Loan"},"content":{"rendered":"<p>El caso de Loan Danilo Pe\u00f1a, el ni\u00f1o de 5 a\u00f1os desaparecido el 13 de junio de 2024 en el paraje El Algarrobal, Corrientes, ha generado diversas hip\u00f3tesis sobre su paradero. Recientemente, el abogado querellante Juan Pablo Gallego afirm\u00f3 que la reconstrucci\u00f3n del caso est\u00e1 completada en un 98% y que estar\u00eda casi resuelto.<\/p>\n<p>Sin embargo, el periodista de investigaci\u00f3n Claudio Andrade ha cuestionado esta hip\u00f3tesis mediante un an\u00e1lisis l\u00f3gico de los hechos confirmados, considerando mediciones de tiempo y espacio. Seg\u00fan Andrade, resulta altamente improbable que los adultos sospechosos hayan realizado recorridos largos desde el naranjal con el ni\u00f1o en brazos, manteni\u00e9ndolo en silencio, para luego entregarlo en la zona de la vieja escuela, como sugiere el abogado Gallego.<\/p>\n<p>Andrade sostiene que el 2% restante de la reconstrucci\u00f3n corresponde al conocimiento que tienen el matrimonio de Carlos P\u00e9rez y Victoria Caillava, acusados de ser parte esencial del plan. La camioneta del exmarino P\u00e9rez ser\u00e1 pr\u00f3ximamente periciada en el marco de la investigaci\u00f3n.<\/p>\n<p>El periodista tambi\u00e9n pone en duda el relato del defensor sobre lo sucedido con el ni\u00f1o el 13 de junio de 2024, pasadas las 14 horas, en un sector conocido como el naranjal. Seg\u00fan Andrade, las matem\u00e1ticas ubican al matrimonio y al ni\u00f1o en el mismo punto y lugar alrededor de las 14:30, bas\u00e1ndose en un dato clave que el marino habr\u00eda proporcionado sin darse cuenta.<\/p>\n<p>Adem\u00e1s, Andrade considera que la teor\u00eda del traslado del ni\u00f1o en la camioneta tiene fundamento, apoyando la versi\u00f3n del accidente proporcionada por Laudelina Pe\u00f1a, quien declar\u00f3 una vez ante la polic\u00eda y dos veces ante la justicia antes de desdecirse.<\/p>\n<p>La investigaci\u00f3n contin\u00faa, y mientras tanto, los siete sospechosos permanecen detenidos con prisi\u00f3n preventiva por el delito de \u00absustracci\u00f3n y ocultamiento\u00bb del menor. A pesar de los avances, a\u00fan no hay certezas sobre el paradero de Loan.<\/p>\n<p>Recientemente, se han revelado nuevos detalles y chats en la investigaci\u00f3n, apuntando a un posible \u00absecuestro expr\u00e9s que sali\u00f3 mal\u00bb. Estas revelaciones podr\u00edan aportar m\u00e1s claridad sobre lo sucedido con el ni\u00f1o. El caso de Loan ha generado una gran conmoci\u00f3n en la sociedad argentina, alimentando la desconfianza hacia las instituciones locales debido a la percepci\u00f3n de ineficacia y corrupci\u00f3n en la gesti\u00f3n de la investigaci\u00f3n.<\/p>\n<p>A medida que surgen nuevos detalles, la comunidad sigue atenta a los avances en la investigaci\u00f3n, esperando que se esclarezca el paradero de Loan y se haga justicia en este caso que ha conmovido al pa\u00eds.<\/p>\n","protected":false},"excerpt":{"rendered":"<p>El caso de Loan Danilo Pe\u00f1a, el ni\u00f1o de 5 a\u00f1os desaparecido el 13 de junio de 2024 en el<\/p>\n","protected":false},"author":1,"featured_media":106065,"comment_status":"closed","ping_status":"closed","sticky":false,"template":"","format":"standard","meta":{"kia_subtitle":"El periodista Claudio Andrade presenta un an\u00e1lisis que pone en duda la teor\u00eda del secuestro del ni\u00f1o correntino.","footnotes":"","jetpack_publicize_message":"","jetpack_publicize_feature_enabled":true,"jetpack_social_post_already_shared":true,"jetpack_social_options":{"image_generator_settings":{"template":"highway","default_image_id":0,"font":"","enabled":false},"version":2}},"categories":[8],"tags":[],"class_list":["post-113070","post","type-post","status-publish","format-standard","has-post-thumbnail","hentry","category-policiales"],"jetpack_publicize_connections":[],"jetpack_featured_media_url":"https:\/\/laurbedigital.com.ar\/noticias\/wp-content\/uploads\/2024\/06\/20240618-Loan.jpg","_links":{"self":[{"href":"https:\/\/laurbedigital.com.ar\/noticias\/wp-json\/wp\/v2\/posts\/113070","targetHints":{"allow":["GET"]}}],"collection":[{"href":"https:\/\/laurbedigital.com.ar\/noticias\/wp-json\/wp\/v2\/posts"}],"about":[{"href":"https:\/\/laurbedigital.com.ar\/noticias\/wp-json\/wp\/v2\/types\/post"}],"author":[{"embeddable":true,"href":"https:\/\/laurbedigital.com.ar\/noticias\/wp-json\/wp\/v2\/users\/1"}],"replies":[{"embeddable":true,"href":"https:\/\/laurbedigital.com.ar\/noticias\/wp-json\/wp\/v2\/comments?post=113070"}],"version-history":[{"count":1,"href":"https:\/\/laurbedigital.com.ar\/noticias\/wp-json\/wp\/v2\/posts\/113070\/revisions"}],"predecessor-version":[{"id":113071,"href":"https:\/\/laurbedigital.com.ar\/noticias\/wp-json\/wp\/v2\/posts\/113070\/revisions\/113071"}],"wp:featuredmedia":[{"embeddable":true,"href":"https:\/\/laurbedigital.com.ar\/noticias\/wp-json\/wp\/v2\/media\/106065"}],"wp:attachment":[{"href":"https:\/\/laurbedigital.com.ar\/noticias\/wp-json\/wp\/v2\/media?parent=113070"}],"wp:term":[{"taxonomy":"category","embeddable":true,"href":"https:\/\/laurbedigital.com.ar\/noticias\/wp-json\/wp\/v2\/categories?post=113070"},{"taxonomy":"post_tag","embeddable":true,"href":"https:\/\/laurbedigital.com.ar\/noticias\/wp-json\/wp\/v2\/tags?post=113070"}],"curies":[{"name":"wp","href":"https:\/\/api.w.org\/{rel}","templated":true}]}}