{"id":113062,"date":"2025-02-04T00:34:33","date_gmt":"2025-02-04T03:34:33","guid":{"rendered":"https:\/\/laurbedigital.com.ar\/noticias\/?p=113062"},"modified":"2025-02-04T00:34:33","modified_gmt":"2025-02-04T03:34:33","slug":"la-lucha-contra-el-cancer-prevencion-y-concientizacion-en-un-dia-clave","status":"publish","type":"post","link":"https:\/\/laurbedigital.com.ar\/noticias\/2025\/02\/04\/la-lucha-contra-el-cancer-prevencion-y-concientizacion-en-un-dia-clave\/","title":{"rendered":"La lucha contra el c\u00e1ncer: prevenci\u00f3n y concientizaci\u00f3n en un d\u00eda clave"},"content":{"rendered":"<p>El D\u00eda Mundial contra el C\u00e1ncer, promovido por la Uni\u00f3n Internacional Contra el C\u00e1ncer (UICC), tiene como objetivo generar conciencia y movilizar acciones para reducir el impacto de una enfermedad que representa la segunda causa de muerte a nivel global. Seg\u00fan la Organizaci\u00f3n Mundial de la Salud (OMS), cada a\u00f1o se diagnostican cerca de 20 millones de nuevos casos y fallecen alrededor de 10 millones de personas por esta causa.<\/p>\n<h3><strong>La importancia de la prevenci\u00f3n y el diagn\u00f3stico temprano<\/strong><\/h3>\n<p>A pesar del impacto del c\u00e1ncer, los expertos coinciden en que hasta un 50% de los casos podr\u00edan evitarse con h\u00e1bitos saludables y estrategias de prevenci\u00f3n efectivas. Factores como el tabaquismo, el consumo excesivo de alcohol, la exposici\u00f3n a sustancias t\u00f3xicas y la inactividad f\u00edsica est\u00e1n directamente relacionados con el desarrollo de diversos tipos de c\u00e1ncer.<\/p>\n<p>El acceso a controles peri\u00f3dicos y estudios m\u00e9dicos permite detectar la enfermedad en estadios tempranos, lo que mejora significativamente las posibilidades de tratamiento y supervivencia. El c\u00e1ncer de mama, c\u00e9rvico-uterino, colorrectal y de pr\u00f3stata son algunos de los que cuentan con pruebas de detecci\u00f3n temprana recomendadas por los organismos de salud.<\/p>\n<h3><strong>Investigaci\u00f3n y tratamientos: claves para el futuro<\/strong><\/h3>\n<p>Los avances en la investigaci\u00f3n han permitido desarrollar tratamientos cada vez m\u00e1s efectivos y personalizados. La inmunoterapia, la terapia dirigida y la medicina de precisi\u00f3n han revolucionado la oncolog\u00eda, brindando nuevas oportunidades a los pacientes. Sin embargo, el acceso equitativo a estas opciones sigue siendo un desaf\u00edo en muchas regiones del mundo.<\/p>\n<p>Desde organizaciones internacionales hasta entidades locales, se contin\u00faa trabajando para mejorar la disponibilidad de tratamientos y garantizar que todas las personas puedan recibir atenci\u00f3n de calidad sin importar su condici\u00f3n econ\u00f3mica o lugar de residencia.<\/p>\n<h3><strong>Compromiso social y acci\u00f3n colectiva<\/strong><\/h3>\n<p>El D\u00eda Mundial contra el C\u00e1ncer tambi\u00e9n es una oportunidad para que gobiernos, instituciones de salud, ONG y la sociedad en general se sumen a iniciativas de concientizaci\u00f3n. Campa\u00f1as de informaci\u00f3n, iluminaci\u00f3n de monumentos y actividades comunitarias buscan sensibilizar sobre la importancia de la prevenci\u00f3n y el tratamiento oportuno.<\/p>\n<p>En este contexto, la lucha contra el c\u00e1ncer no es solo un desaf\u00edo m\u00e9dico, sino tambi\u00e9n un compromiso social que requiere esfuerzos conjuntos. La informaci\u00f3n, el acceso a la salud y la inversi\u00f3n en investigaci\u00f3n siguen siendo los pilares fundamentales para reducir el impacto de esta enfermedad en el mundo.<\/p>\n","protected":false},"excerpt":{"rendered":"<p>El D\u00eda Mundial contra el C\u00e1ncer, promovido por la Uni\u00f3n Internacional Contra el C\u00e1ncer (UICC), tiene como objetivo generar conciencia<\/p>\n","protected":false},"author":1,"featured_media":113063,"comment_status":"closed","ping_status":"closed","sticky":false,"template":"","format":"standard","meta":{"kia_subtitle":"Cada 4 de febrero el mundo refuerza su compromiso contra el c\u00e1ncer, una enfermedad que afecta a millones de personas. La prevenci\u00f3n, el acceso a tratamientos y la investigaci\u00f3n siguen siendo ejes fundamentales en la batalla contra esta patolog\u00eda.","footnotes":"","jetpack_publicize_message":"","jetpack_publicize_feature_enabled":true,"jetpack_social_post_already_shared":true,"jetpack_social_options":{"image_generator_settings":{"template":"highway","default_image_id":0,"font":"","enabled":false},"version":2}},"categories":[5,2594],"tags":[],"class_list":["post-113062","post","type-post","status-publish","format-standard","has-post-thumbnail","hentry","category-cultura","category-efemerides"],"jetpack_publicize_connections":[],"jetpack_featured_media_url":"https:\/\/laurbedigital.com.ar\/noticias\/wp-content\/uploads\/2025\/02\/20250204-Dia-Mundial-contra-Cancer.jpg","_links":{"self":[{"href":"https:\/\/laurbedigital.com.ar\/noticias\/wp-json\/wp\/v2\/posts\/113062","targetHints":{"allow":["GET"]}}],"collection":[{"href":"https:\/\/laurbedigital.com.ar\/noticias\/wp-json\/wp\/v2\/posts"}],"about":[{"href":"https:\/\/laurbedigital.com.ar\/noticias\/wp-json\/wp\/v2\/types\/post"}],"author":[{"embeddable":true,"href":"https:\/\/laurbedigital.com.ar\/noticias\/wp-json\/wp\/v2\/users\/1"}],"replies":[{"embeddable":true,"href":"https:\/\/laurbedigital.com.ar\/noticias\/wp-json\/wp\/v2\/comments?post=113062"}],"version-history":[{"count":1,"href":"https:\/\/laurbedigital.com.ar\/noticias\/wp-json\/wp\/v2\/posts\/113062\/revisions"}],"predecessor-version":[{"id":113064,"href":"https:\/\/laurbedigital.com.ar\/noticias\/wp-json\/wp\/v2\/posts\/113062\/revisions\/113064"}],"wp:featuredmedia":[{"embeddable":true,"href":"https:\/\/laurbedigital.com.ar\/noticias\/wp-json\/wp\/v2\/media\/113063"}],"wp:attachment":[{"href":"https:\/\/laurbedigital.com.ar\/noticias\/wp-json\/wp\/v2\/media?parent=113062"}],"wp:term":[{"taxonomy":"category","embeddable":true,"href":"https:\/\/laurbedigital.com.ar\/noticias\/wp-json\/wp\/v2\/categories?post=113062"},{"taxonomy":"post_tag","embeddable":true,"href":"https:\/\/laurbedigital.com.ar\/noticias\/wp-json\/wp\/v2\/tags?post=113062"}],"curies":[{"name":"wp","href":"https:\/\/api.w.org\/{rel}","templated":true}]}}