{"id":113057,"date":"2025-02-03T14:09:12","date_gmt":"2025-02-03T17:09:12","guid":{"rendered":"https:\/\/laurbedigital.com.ar\/noticias\/?p=113057"},"modified":"2025-02-03T14:17:21","modified_gmt":"2025-02-03T17:17:21","slug":"cascallares-acompano-a-los-adultos-mayores-que-participan-de-la-colonia-de-verano-2025","status":"publish","type":"post","link":"https:\/\/laurbedigital.com.ar\/noticias\/2025\/02\/03\/cascallares-acompano-a-los-adultos-mayores-que-participan-de-la-colonia-de-verano-2025\/","title":{"rendered":"Cascallares acompa\u00f1\u00f3 a los adultos mayores que participan de la Colonia de Verano 2025"},"content":{"rendered":"<p>La recorrida se llev\u00f3 adelante en las instalaciones ubicadas en la calle Pedraza N\u00b0 2795, el cual es una de las sedes en la que la Comuna lleva adelante esta importante iniciativa que busca principalmente potenciar la inclusi\u00f3n.<\/p>\n<p>Los otros espacios donde se desarrolla son el Predio de Navales, el Polideportivo de Ministro Rivadavia y el nuevo natatorio de Rafael Calzada, donde asisten en diferentes grupos y horarios, ni\u00f1os y ni\u00f1as, adolescentes, j\u00f3venes con discapacidad y adultos mayores de nuestro distrito.<\/p>\n<p>En este sentido, durante la visita Mariano Cascallares dialog\u00f3 con los adultos mayores pertenecientes a centros de jubilados y pensionados del distrito que participan de las actividades y tambi\u00e9n con el equipo de docentes y autoridades. En total son m\u00e1s de cien los que se hacen presente cada d\u00eda, oriundos de distintas localidades.<\/p>\n<p><strong><em>\u00abEstamos muy felices porque la Colonia de Verano para nosotros es un verdadero orgullo, ya que es sin\u00f3nimo de inclusi\u00f3n y deporte, dos ejes que nos parecen fundamentales para el desarrollo social de nuestros chicos, chicas, adolescentes y tambi\u00e9n adultos y adultas mayores\u00bb, sostuvo Casallares.<\/em><\/strong><\/p>\n<p>Cabe recordar que quienes asisten de forma gratuita a las distintas sedes aprenden a nadar, realizan actividades acu\u00e1ticas y al aire libre, y participan de juegos de iniciaci\u00f3n en distintos deportes recibiendo tambi\u00e9n ropa, desayuno y almuerzo, adem\u00e1s de los traslados correspondientes.<\/p>\n","protected":false},"excerpt":{"rendered":"<p>La recorrida se llev\u00f3 adelante en las instalaciones ubicadas en la calle Pedraza N\u00b0 2795, el cual es una de<\/p>\n","protected":false},"author":1,"featured_media":113058,"comment_status":"closed","ping_status":"closed","sticky":false,"template":"","format":"standard","meta":{"kia_subtitle":"El intendente de Almirante Brown, Mariano Cascallares, visit\u00f3 la Colonia de Verano 2025 que se lleva adelante en el Complejo Mar\u00eda Reina de Glew donde desde principios de enero adultos mayores practican deportes acu\u00e1ticos y realizan actividades al aire libre.","footnotes":"","jetpack_publicize_message":"","jetpack_publicize_feature_enabled":true,"jetpack_social_post_already_shared":true,"jetpack_social_options":{"image_generator_settings":{"template":"highway","default_image_id":0,"font":"","enabled":false},"version":2}},"categories":[2,33],"tags":[],"class_list":["post-113057","post","type-post","status-publish","format-standard","has-post-thumbnail","hentry","category-alte-brown","category-alte-brown-alte-brown"],"jetpack_publicize_connections":[],"jetpack_featured_media_url":"https:\/\/laurbedigital.com.ar\/noticias\/wp-content\/uploads\/2025\/02\/20250203-Brown-Cascallares-Adultos.jpg","_links":{"self":[{"href":"https:\/\/laurbedigital.com.ar\/noticias\/wp-json\/wp\/v2\/posts\/113057","targetHints":{"allow":["GET"]}}],"collection":[{"href":"https:\/\/laurbedigital.com.ar\/noticias\/wp-json\/wp\/v2\/posts"}],"about":[{"href":"https:\/\/laurbedigital.com.ar\/noticias\/wp-json\/wp\/v2\/types\/post"}],"author":[{"embeddable":true,"href":"https:\/\/laurbedigital.com.ar\/noticias\/wp-json\/wp\/v2\/users\/1"}],"replies":[{"embeddable":true,"href":"https:\/\/laurbedigital.com.ar\/noticias\/wp-json\/wp\/v2\/comments?post=113057"}],"version-history":[{"count":3,"href":"https:\/\/laurbedigital.com.ar\/noticias\/wp-json\/wp\/v2\/posts\/113057\/revisions"}],"predecessor-version":[{"id":113061,"href":"https:\/\/laurbedigital.com.ar\/noticias\/wp-json\/wp\/v2\/posts\/113057\/revisions\/113061"}],"wp:featuredmedia":[{"embeddable":true,"href":"https:\/\/laurbedigital.com.ar\/noticias\/wp-json\/wp\/v2\/media\/113058"}],"wp:attachment":[{"href":"https:\/\/laurbedigital.com.ar\/noticias\/wp-json\/wp\/v2\/media?parent=113057"}],"wp:term":[{"taxonomy":"category","embeddable":true,"href":"https:\/\/laurbedigital.com.ar\/noticias\/wp-json\/wp\/v2\/categories?post=113057"},{"taxonomy":"post_tag","embeddable":true,"href":"https:\/\/laurbedigital.com.ar\/noticias\/wp-json\/wp\/v2\/tags?post=113057"}],"curies":[{"name":"wp","href":"https:\/\/api.w.org\/{rel}","templated":true}]}}