{"id":113054,"date":"2025-02-03T02:11:38","date_gmt":"2025-02-03T05:11:38","guid":{"rendered":"https:\/\/laurbedigital.com.ar\/noticias\/?p=113054"},"modified":"2025-02-03T02:11:38","modified_gmt":"2025-02-03T05:11:38","slug":"el-calor-extremo-tiene-fecha-de-vencimiento-en-el-amba","status":"publish","type":"post","link":"https:\/\/laurbedigital.com.ar\/noticias\/2025\/02\/03\/el-calor-extremo-tiene-fecha-de-vencimiento-en-el-amba\/","title":{"rendered":"El calor extremo tiene fecha de vencimiento en el AMBA"},"content":{"rendered":"<p>Tras varios d\u00edas de calor sofocante, el \u00e1rea metropolitana de Buenos Aires se prepara para un cambio en las condiciones clim\u00e1ticas. De acuerdo con el Servicio Meteorol\u00f3gico Nacional (SMN), se espera la llegada inminente de lluvias y tormentas, lo que marcar\u00e1 un respiro ante las altas temperaturas que han dominado la regi\u00f3n.<\/p>\n<p>El fin de semana transcurri\u00f3 con temperaturas elevadas, alcanzando m\u00e1ximas de 36 grados el domingo, en una jornada de cielo variable y sensaci\u00f3n t\u00e9rmica sofocante. Sin embargo, el lunes podr\u00eda ser a\u00fan m\u00e1s extremo, con una m\u00ednima de 26 grados y una m\u00e1xima que podr\u00eda rozar los 39 grados, consolid\u00e1ndose como una de las jornadas m\u00e1s calurosas del a\u00f1o.<\/p>\n<p>El alivio llegar\u00eda el martes 4 de febrero con la aparici\u00f3n de chaparrones en la madrugada y la ma\u00f1ana, seguidos de tormentas aisladas durante la tarde y la noche. Seg\u00fan las proyecciones, la temperatura comenzar\u00eda un paulatino descenso, ubic\u00e1ndose entre los 22 y 30 grados. No obstante, algunos pron\u00f3sticos, como el de Meteored, indican que las precipitaciones podr\u00edan reducirse a \u00ablluvia d\u00e9bil\u00bb reci\u00e9n en la noche del martes.<\/p>\n<p>Para el mi\u00e9rcoles, el SMN prev\u00e9 tormentas durante la madrugada y la ma\u00f1ana, con lluvias persistentes en el resto de la jornada. Las temperaturas oscilar\u00e1n entre los 21 y 25 grados, consolidando un descenso t\u00e9rmico m\u00e1s marcado. Meteored tambi\u00e9n coincide en que habr\u00e1 precipitaciones a lo largo del mi\u00e9rcoles, con episodios alternados de \u00abtormenta\u00bb y \u00ablluvia d\u00e9bil\u00bb desde las 3 de la madrugada hasta la noche.<\/p>\n<p>Seg\u00fan ambas fuentes, el jueves marcar\u00e1 una mejora en las condiciones clim\u00e1ticas, con cielos m\u00e1s despejados y un descenso t\u00e9rmico m\u00e1s notorio. Con esta transici\u00f3n, el calor extremo dar\u00e1 paso a jornadas m\u00e1s templadas, ofreciendo un respiro a los habitantes del AMBA.<\/p>\n","protected":false},"excerpt":{"rendered":"<p>Tras varios d\u00edas de calor sofocante, el \u00e1rea metropolitana de Buenos Aires se prepara para un cambio en las condiciones<\/p>\n","protected":false},"author":1,"featured_media":113036,"comment_status":"closed","ping_status":"closed","sticky":false,"template":"","format":"standard","meta":{"kia_subtitle":"El Servicio Meteorol\u00f3gico Nacional anticipa la llegada de lluvias y tormentas, lo que traer\u00e1 alivio a las altas temperaturas en la regi\u00f3n metropolitana.","footnotes":"","jetpack_publicize_message":"","jetpack_publicize_feature_enabled":true,"jetpack_social_post_already_shared":true,"jetpack_social_options":{"image_generator_settings":{"template":"highway","default_image_id":0,"font":"","enabled":false},"version":2}},"categories":[13],"tags":[],"class_list":["post-113054","post","type-post","status-publish","format-standard","has-post-thumbnail","hentry","category-region"],"jetpack_publicize_connections":[],"jetpack_featured_media_url":"https:\/\/laurbedigital.com.ar\/noticias\/wp-content\/uploads\/2025\/02\/20250203-Lluvia.jpg","_links":{"self":[{"href":"https:\/\/laurbedigital.com.ar\/noticias\/wp-json\/wp\/v2\/posts\/113054","targetHints":{"allow":["GET"]}}],"collection":[{"href":"https:\/\/laurbedigital.com.ar\/noticias\/wp-json\/wp\/v2\/posts"}],"about":[{"href":"https:\/\/laurbedigital.com.ar\/noticias\/wp-json\/wp\/v2\/types\/post"}],"author":[{"embeddable":true,"href":"https:\/\/laurbedigital.com.ar\/noticias\/wp-json\/wp\/v2\/users\/1"}],"replies":[{"embeddable":true,"href":"https:\/\/laurbedigital.com.ar\/noticias\/wp-json\/wp\/v2\/comments?post=113054"}],"version-history":[{"count":2,"href":"https:\/\/laurbedigital.com.ar\/noticias\/wp-json\/wp\/v2\/posts\/113054\/revisions"}],"predecessor-version":[{"id":113056,"href":"https:\/\/laurbedigital.com.ar\/noticias\/wp-json\/wp\/v2\/posts\/113054\/revisions\/113056"}],"wp:featuredmedia":[{"embeddable":true,"href":"https:\/\/laurbedigital.com.ar\/noticias\/wp-json\/wp\/v2\/media\/113036"}],"wp:attachment":[{"href":"https:\/\/laurbedigital.com.ar\/noticias\/wp-json\/wp\/v2\/media?parent=113054"}],"wp:term":[{"taxonomy":"category","embeddable":true,"href":"https:\/\/laurbedigital.com.ar\/noticias\/wp-json\/wp\/v2\/categories?post=113054"},{"taxonomy":"post_tag","embeddable":true,"href":"https:\/\/laurbedigital.com.ar\/noticias\/wp-json\/wp\/v2\/tags?post=113054"}],"curies":[{"name":"wp","href":"https:\/\/api.w.org\/{rel}","templated":true}]}}