{"id":113005,"date":"2025-02-01T02:29:14","date_gmt":"2025-02-01T05:29:14","guid":{"rendered":"https:\/\/laurbedigital.com.ar\/noticias\/?p=113005"},"modified":"2025-02-01T02:29:14","modified_gmt":"2025-02-01T05:29:14","slug":"alarma-por-nueva-disposicion-del-gobierno-que-flexibiliza-controles-migratorios-sobre-menores","status":"publish","type":"post","link":"https:\/\/laurbedigital.com.ar\/noticias\/2025\/02\/01\/alarma-por-nueva-disposicion-del-gobierno-que-flexibiliza-controles-migratorios-sobre-menores\/","title":{"rendered":"Alarma por nueva disposici\u00f3n del Gobierno que flexibiliza controles migratorios sobre menores"},"content":{"rendered":"<p>En una decisi\u00f3n que ha generado fuertes cr\u00edticas, el Gobierno nacional flexibiliz\u00f3 los controles sobre la salida de ni\u00f1os, ni\u00f1as y adolescentes del pa\u00eds. La disposici\u00f3n 166\/2025, publicada en el Bolet\u00edn Oficial, exime a las compa\u00f1\u00edas de transporte terrestre, a\u00e9reo y mar\u00edtimo de la obligaci\u00f3n de verificar la documentaci\u00f3n accesoria de los menores de 18 a\u00f1os que viajen con ellas. La norma deja exclusivamente en manos de los controles fronterizos la tarea de fiscalizaci\u00f3n, eliminando un filtro clave que en numerosas oportunidades ha servido para detectar casos de tr\u00e1fico de personas.<\/p>\n<p>El texto firmado por Sebasti\u00e1n Pablo Seoane, titular de la Direcci\u00f3n Nacional de Migraciones, indica que \u00ablas operadoras de transporte internacional de pasajeros resultar\u00e1n dispensadas de requerir la documentaci\u00f3n accesoria de egreso de los y las menores de 18 a\u00f1os\u00bb. En otras palabras, ya no ser\u00e1 requisito que las empresas verifiquen la presentaci\u00f3n de autorizaciones de viaje u otros documentos antes de embarcar a menores en sus unidades.<\/p>\n<p>Esta disposici\u00f3n contradice la pol\u00edtica de prevenci\u00f3n que hab\u00eda regido hasta ahora y que implicaba la existencia de m\u00faltiples instancias de control para garantizar que los ni\u00f1os y ni\u00f1as que sal\u00edan del pa\u00eds lo hicieran bajo las condiciones legales adecuadas. La eliminaci\u00f3n de este filtro ha despertado preocupaci\u00f3n en organismos de derechos humanos y especialistas en protecci\u00f3n infantil, quienes advierten sobre los riesgos de flexibilizar los controles en un contexto en el que el tr\u00e1fico de menores sigue siendo una problem\u00e1tica grave a nivel internacional.<\/p>\n<p>Diversos sectores han recordado declaraciones previas del presidente Javier Milei en las que, en un marco te\u00f3rico sobre el liberalismo extremo, sostuvo que la compra y venta de personas podr\u00eda considerarse parte del mercado. Aunque el Gobierno no ha relacionado esta disposici\u00f3n con aquellas afirmaciones, la coincidencia temporal ha generado inquietud y reacciones de rechazo.<\/p>\n<p>Desde organismos de protecci\u00f3n de la infancia han se\u00f1alado que esta medida va en sentido contrario a los est\u00e1ndares internacionales de lucha contra el tr\u00e1fico infantil. \u00abEliminar controles intermedios reduce significativamente la capacidad de detecci\u00f3n temprana de situaciones de vulnerabilidad\u00bb, explic\u00f3 una fuente ligada a la Justicia de Menores.<\/p>\n<p>Por su parte, desde la Direcci\u00f3n Nacional de Migraciones sostienen que el objetivo de la disposici\u00f3n es \u00abagilizar el tr\u00e1nsito internacional\u00bb, sin que ello implique una disminuci\u00f3n en los controles de frontera. Sin embargo, la experiencia indica que la supervisi\u00f3n adicional por parte de las empresas de transporte ha sido una herramienta fundamental para evitar la salida irregular de menores.<\/p>\n<p>Ante las cr\u00edticas, sectores de la oposici\u00f3n han solicitado la revisi\u00f3n inmediata de la disposici\u00f3n y la restituci\u00f3n de los controles previos a la salida del pa\u00eds. Mientras tanto, organismos de derechos humanos analizan posibles medidas legales para frenar su aplicaci\u00f3n.<\/p>\n","protected":false},"excerpt":{"rendered":"<p>En una decisi\u00f3n que ha generado fuertes cr\u00edticas, el Gobierno nacional flexibiliz\u00f3 los controles sobre la salida de ni\u00f1os, ni\u00f1as<\/p>\n","protected":false},"author":1,"featured_media":113006,"comment_status":"closed","ping_status":"closed","sticky":false,"template":"","format":"standard","meta":{"kia_subtitle":"Una medida de la Direcci\u00f3n Nacional de Migraciones exime a las empresas de transporte de verificar la documentaci\u00f3n de menores en viajes internacionales, lo que genera preocupaci\u00f3n sobre posibles riesgos de tr\u00e1fico infantil.","footnotes":"","jetpack_publicize_message":"","jetpack_publicize_feature_enabled":true,"jetpack_social_post_already_shared":true,"jetpack_social_options":{"image_generator_settings":{"template":"highway","default_image_id":0,"font":"","enabled":false},"version":2}},"categories":[3,41],"tags":[],"class_list":["post-113005","post","type-post","status-publish","format-standard","has-post-thumbnail","hentry","category-actualidad","category-nacionales"],"jetpack_publicize_connections":[],"jetpack_featured_media_url":"https:\/\/laurbedigital.com.ar\/noticias\/wp-content\/uploads\/2025\/02\/20250201-bb.jpg","_links":{"self":[{"href":"https:\/\/laurbedigital.com.ar\/noticias\/wp-json\/wp\/v2\/posts\/113005","targetHints":{"allow":["GET"]}}],"collection":[{"href":"https:\/\/laurbedigital.com.ar\/noticias\/wp-json\/wp\/v2\/posts"}],"about":[{"href":"https:\/\/laurbedigital.com.ar\/noticias\/wp-json\/wp\/v2\/types\/post"}],"author":[{"embeddable":true,"href":"https:\/\/laurbedigital.com.ar\/noticias\/wp-json\/wp\/v2\/users\/1"}],"replies":[{"embeddable":true,"href":"https:\/\/laurbedigital.com.ar\/noticias\/wp-json\/wp\/v2\/comments?post=113005"}],"version-history":[{"count":1,"href":"https:\/\/laurbedigital.com.ar\/noticias\/wp-json\/wp\/v2\/posts\/113005\/revisions"}],"predecessor-version":[{"id":113007,"href":"https:\/\/laurbedigital.com.ar\/noticias\/wp-json\/wp\/v2\/posts\/113005\/revisions\/113007"}],"wp:featuredmedia":[{"embeddable":true,"href":"https:\/\/laurbedigital.com.ar\/noticias\/wp-json\/wp\/v2\/media\/113006"}],"wp:attachment":[{"href":"https:\/\/laurbedigital.com.ar\/noticias\/wp-json\/wp\/v2\/media?parent=113005"}],"wp:term":[{"taxonomy":"category","embeddable":true,"href":"https:\/\/laurbedigital.com.ar\/noticias\/wp-json\/wp\/v2\/categories?post=113005"},{"taxonomy":"post_tag","embeddable":true,"href":"https:\/\/laurbedigital.com.ar\/noticias\/wp-json\/wp\/v2\/tags?post=113005"}],"curies":[{"name":"wp","href":"https:\/\/api.w.org\/{rel}","templated":true}]}}