{"id":112999,"date":"2025-02-01T02:03:22","date_gmt":"2025-02-01T05:03:22","guid":{"rendered":"https:\/\/laurbedigital.com.ar\/noticias\/?p=112999"},"modified":"2025-02-01T02:03:22","modified_gmt":"2025-02-01T05:03:22","slug":"horror-en-canuelas-un-hombre-incendio-la-casa-de-una-pareja-de-lesbianas-y-su-hija","status":"publish","type":"post","link":"https:\/\/laurbedigital.com.ar\/noticias\/2025\/02\/01\/horror-en-canuelas-un-hombre-incendio-la-casa-de-una-pareja-de-lesbianas-y-su-hija\/","title":{"rendered":"Horror en Ca\u00f1uelas: un hombre incendi\u00f3 la casa de una pareja de lesbianas y su hija"},"content":{"rendered":"<p>El ataque ocurri\u00f3 en la madrugada del mi\u00e9rcoles 29 de enero en Ca\u00f1uelas, cuando Orlando Alcides Lutz Fogar incendi\u00f3 la casa de Agui y Vane, una pareja de mujeres que viv\u00eda con su hija de cinco a\u00f1os. El agresor, un vecino con un historial de acoso y amenazas contra la familia, qued\u00f3 registrado por c\u00e1maras de seguridad mientras rociaba combustible sobre la vivienda. La noticia gener\u00f3 indignaci\u00f3n y repudio en colectivos de derechos humanos y diversidad.<\/p>\n<p>Las v\u00edctimas ven\u00edan denunciando la violencia de Lutz Fogar desde 2022, cuando se mudaron a una zona semirrural con la intenci\u00f3n de llevar una vida tranquila en contacto con la naturaleza. Sin embargo, pronto advirtieron que su vecino ya hostigaba a otra pareja de lesbianas en el barrio. Al solidarizarse con ellas, el hombre dirigi\u00f3 su violencia tambi\u00e9n hacia Agui y Vane, someti\u00e9ndolas a un calvario diario.<\/p>\n<p>Seg\u00fan denunciaron desde la Federaci\u00f3n Argentina LGBT (FALGBT), el agresor las filmaba cada vez que entraban y sal\u00edan de su casa, se interpon\u00eda en su camino, las espiaba con binoculares e incluso lleg\u00f3 a incendiar el poste de luz de su propiedad en reiteradas ocasiones para dejarlas sin suministro el\u00e9ctrico. El hostigamiento escal\u00f3 al punto de que la familia dej\u00f3 de permitir que su hija jugara afuera por miedo a posibles agresiones. La situaci\u00f3n se volvi\u00f3 a\u00fan m\u00e1s aterradora cuando Lutz Fogar comenz\u00f3 a apuntar hacia su casa con una mira l\u00e1ser, oblig\u00e1ndolas a abandonar la vivienda para resguardar sus vidas.<\/p>\n<p>A pesar de haber realizado m\u00faltiples denuncias, la \u00fanica medida que tom\u00f3 la Justicia fue una restricci\u00f3n perimetral para una de las v\u00edctimas, la cual nunca se cumpli\u00f3. La madrugada del mi\u00e9rcoles, la peor pesadilla de la familia se hizo realidad: su casa fue consumida por las llamas. Gracias a que ya no se encontraban all\u00ed, lograron salvarse. Sin embargo, desde FALGBT denunciaron la inacci\u00f3n judicial y se\u00f1alaron la responsabilidad de la UFIyJ N\u00b01 de Ca\u00f1uelas, la UDF de Ca\u00f1uelas y el Juzgado de Garant\u00edas N\u00b08 por no haber brindado protecci\u00f3n efectiva a la familia.<\/p>\n<p>El caso desat\u00f3 una fuerte repercusi\u00f3n en redes sociales, donde organizaciones y activistas denunciaron que el ataque ocurri\u00f3 en un contexto de creciente hostilidad hacia la comunidad LGBT+. Adem\u00e1s, se destac\u00f3 la alarmante similitud con otro hecho ocurrido en mayo del a\u00f1o pasado, cuando Justo Fernando Barrientos incendi\u00f3 la vivienda de otra pareja de lesbianas.<\/p>\n<p>El incendio en Ca\u00f1uelas expone, una vez m\u00e1s, la falta de respuesta del sistema judicial ante los cr\u00edmenes de odio y la violencia de g\u00e9nero. Mientras la familia damnificada intenta reponerse de la p\u00e9rdida de su hogar, la comunidad exige justicia y el fin de la impunidad para los agresores.<\/p>\n","protected":false},"excerpt":{"rendered":"<p>El ataque ocurri\u00f3 en la madrugada del mi\u00e9rcoles 29 de enero en Ca\u00f1uelas, cuando Orlando Alcides Lutz Fogar incendi\u00f3 la<\/p>\n","protected":false},"author":1,"featured_media":112992,"comment_status":"closed","ping_status":"closed","sticky":false,"template":"","format":"standard","meta":{"kia_subtitle":"Un vecino con antecedentes de hostigamiento prendi\u00f3 fuego la vivienda de una familia. Pese a reiteradas denuncias, la Justicia no actu\u00f3 a tiempo.","footnotes":"","jetpack_publicize_message":"","jetpack_publicize_feature_enabled":true,"jetpack_social_post_already_shared":true,"jetpack_social_options":{"image_generator_settings":{"template":"highway","default_image_id":0,"font":"","enabled":false},"version":2}},"categories":[8],"tags":[],"class_list":["post-112999","post","type-post","status-publish","format-standard","has-post-thumbnail","hentry","category-policiales"],"jetpack_publicize_connections":[],"jetpack_featured_media_url":"https:\/\/laurbedigital.com.ar\/noticias\/wp-content\/uploads\/2025\/02\/20250201-casa.jpg","_links":{"self":[{"href":"https:\/\/laurbedigital.com.ar\/noticias\/wp-json\/wp\/v2\/posts\/112999","targetHints":{"allow":["GET"]}}],"collection":[{"href":"https:\/\/laurbedigital.com.ar\/noticias\/wp-json\/wp\/v2\/posts"}],"about":[{"href":"https:\/\/laurbedigital.com.ar\/noticias\/wp-json\/wp\/v2\/types\/post"}],"author":[{"embeddable":true,"href":"https:\/\/laurbedigital.com.ar\/noticias\/wp-json\/wp\/v2\/users\/1"}],"replies":[{"embeddable":true,"href":"https:\/\/laurbedigital.com.ar\/noticias\/wp-json\/wp\/v2\/comments?post=112999"}],"version-history":[{"count":2,"href":"https:\/\/laurbedigital.com.ar\/noticias\/wp-json\/wp\/v2\/posts\/112999\/revisions"}],"predecessor-version":[{"id":113001,"href":"https:\/\/laurbedigital.com.ar\/noticias\/wp-json\/wp\/v2\/posts\/112999\/revisions\/113001"}],"wp:featuredmedia":[{"embeddable":true,"href":"https:\/\/laurbedigital.com.ar\/noticias\/wp-json\/wp\/v2\/media\/112992"}],"wp:attachment":[{"href":"https:\/\/laurbedigital.com.ar\/noticias\/wp-json\/wp\/v2\/media?parent=112999"}],"wp:term":[{"taxonomy":"category","embeddable":true,"href":"https:\/\/laurbedigital.com.ar\/noticias\/wp-json\/wp\/v2\/categories?post=112999"},{"taxonomy":"post_tag","embeddable":true,"href":"https:\/\/laurbedigital.com.ar\/noticias\/wp-json\/wp\/v2\/tags?post=112999"}],"curies":[{"name":"wp","href":"https:\/\/api.w.org\/{rel}","templated":true}]}}