{"id":112989,"date":"2025-02-01T01:53:03","date_gmt":"2025-02-01T04:53:03","guid":{"rendered":"https:\/\/laurbedigital.com.ar\/noticias\/?p=112989"},"modified":"2025-02-01T01:53:03","modified_gmt":"2025-02-01T04:53:03","slug":"verano-complicado-en-la-costa-atlantica-menos-turistas-y-consumo-en-caida","status":"publish","type":"post","link":"https:\/\/laurbedigital.com.ar\/noticias\/2025\/02\/01\/verano-complicado-en-la-costa-atlantica-menos-turistas-y-consumo-en-caida\/","title":{"rendered":"Verano complicado en la Costa Atl\u00e1ntica: menos turistas y consumo en ca\u00edda"},"content":{"rendered":"<h3><strong>Menos turistas y menos gasto<\/strong><\/h3>\n<p>La temporada de verano en la Costa Atl\u00e1ntica muestra cifras preocupantes. Entre diciembre de 2024 y enero de 2025, la cantidad de visitantes en la provincia de Buenos Aires cay\u00f3 un 6,3% en comparaci\u00f3n con el mismo per\u00edodo del a\u00f1o pasado. A esto se suma una fuerte retracci\u00f3n del consumo tur\u00edstico, que se desplom\u00f3 un 25%, seg\u00fan datos oficiales.<\/p>\n<p>El ministro de Producci\u00f3n, Ciencia e Innovaci\u00f3n Tecnol\u00f3gica bonaerense, Augusto Costa, detall\u00f3 que el gasto promedio con la Cuenta DNI del Banco Provincia se redujo un 28%, reflejando un menor poder adquisitivo de los veraneantes. Adem\u00e1s, las estad\u00edas se acortaron y el uso de tarjetas de cr\u00e9dito y d\u00e9bito disminuy\u00f3 un 14%, lo que evidencia un ajuste en el presupuesto de los turistas.<\/p>\n<h3><strong>Factores que explican la ca\u00edda<\/strong><\/h3>\n<p>El deterioro del turismo interno responde a varios factores. En primer lugar, el contexto econ\u00f3mico con alta inflaci\u00f3n y menor poder adquisitivo limita la capacidad de gasto de las familias. Seg\u00fan una encuesta de Management &amp; Fit, el 70,2% de quienes no viajaron este verano alegaron razones econ\u00f3micas.<\/p>\n<p>Por otro lado, la promoci\u00f3n de viajes al exterior tambi\u00e9n afect\u00f3 a los destinos locales. La diferencia cambiaria favorable en algunos pa\u00edses impuls\u00f3 a una parte del turismo argentino a elegir destinos fuera del pa\u00eds, en detrimento de la oferta nacional.<\/p>\n<h3><strong>La Costa Atl\u00e1ntica, a\u00fan el destino m\u00e1s elegido<\/strong><\/h3>\n<p>Pese a la retracci\u00f3n en el turismo, la Costa Atl\u00e1ntica sigue siendo la opci\u00f3n preferida de los argentinos. Un 28,1% de los viajeros la eligi\u00f3 como destino, aunque las cifras est\u00e1n lejos de las registradas en a\u00f1os anteriores. En contraste, en 2023 el 40,2% de los argentinos vacacion\u00f3, mientras que en 2022 lo hizo el 39,3%.<\/p>\n<h3><strong>Perspectivas y desaf\u00edos<\/strong><\/h3>\n<p>El sector tur\u00edstico enfrenta un panorama desafiante. La necesidad de estimular el consumo y atraer turistas se vuelve cr\u00edtica para evitar un impacto mayor en la econom\u00eda regional. Mientras tanto, empresarios y comerciantes del rubro esperan medidas que alivien la situaci\u00f3n y ayuden a recuperar una actividad clave para la provincia de Buenos Aires.<\/p>\n","protected":false},"excerpt":{"rendered":"<p>Menos turistas y menos gasto La temporada de verano en la Costa Atl\u00e1ntica muestra cifras preocupantes. Entre diciembre de 2024<\/p>\n","protected":false},"author":1,"featured_media":68907,"comment_status":"closed","ping_status":"closed","sticky":false,"template":"","format":"standard","meta":{"kia_subtitle":"El turismo en la provincia de Buenos Aires registr\u00f3 una baja del 6,3% en la cantidad de visitantes entre diciembre y enero. El consumo cay\u00f3 un 25% respecto a la temporada anterior, marcando un escenario de preocupaci\u00f3n en el sector.","footnotes":"","jetpack_publicize_message":"","jetpack_publicize_feature_enabled":true,"jetpack_social_post_already_shared":true,"jetpack_social_options":{"image_generator_settings":{"template":"highway","default_image_id":0,"font":"","enabled":false},"version":2}},"categories":[3,56],"tags":[],"class_list":["post-112989","post","type-post","status-publish","format-standard","has-post-thumbnail","hentry","category-actualidad","category-buenos-aires"],"jetpack_publicize_connections":[],"jetpack_featured_media_url":"https:\/\/laurbedigital.com.ar\/noticias\/wp-content\/uploads\/2022\/01\/20220116-Costa-Atlantica.jpg","_links":{"self":[{"href":"https:\/\/laurbedigital.com.ar\/noticias\/wp-json\/wp\/v2\/posts\/112989","targetHints":{"allow":["GET"]}}],"collection":[{"href":"https:\/\/laurbedigital.com.ar\/noticias\/wp-json\/wp\/v2\/posts"}],"about":[{"href":"https:\/\/laurbedigital.com.ar\/noticias\/wp-json\/wp\/v2\/types\/post"}],"author":[{"embeddable":true,"href":"https:\/\/laurbedigital.com.ar\/noticias\/wp-json\/wp\/v2\/users\/1"}],"replies":[{"embeddable":true,"href":"https:\/\/laurbedigital.com.ar\/noticias\/wp-json\/wp\/v2\/comments?post=112989"}],"version-history":[{"count":1,"href":"https:\/\/laurbedigital.com.ar\/noticias\/wp-json\/wp\/v2\/posts\/112989\/revisions"}],"predecessor-version":[{"id":112990,"href":"https:\/\/laurbedigital.com.ar\/noticias\/wp-json\/wp\/v2\/posts\/112989\/revisions\/112990"}],"wp:featuredmedia":[{"embeddable":true,"href":"https:\/\/laurbedigital.com.ar\/noticias\/wp-json\/wp\/v2\/media\/68907"}],"wp:attachment":[{"href":"https:\/\/laurbedigital.com.ar\/noticias\/wp-json\/wp\/v2\/media?parent=112989"}],"wp:term":[{"taxonomy":"category","embeddable":true,"href":"https:\/\/laurbedigital.com.ar\/noticias\/wp-json\/wp\/v2\/categories?post=112989"},{"taxonomy":"post_tag","embeddable":true,"href":"https:\/\/laurbedigital.com.ar\/noticias\/wp-json\/wp\/v2\/tags?post=112989"}],"curies":[{"name":"wp","href":"https:\/\/api.w.org\/{rel}","templated":true}]}}