{"id":112986,"date":"2025-02-01T01:15:03","date_gmt":"2025-02-01T04:15:03","guid":{"rendered":"https:\/\/laurbedigital.com.ar\/noticias\/?p=112986"},"modified":"2025-02-01T02:30:30","modified_gmt":"2025-02-01T05:30:30","slug":"los-galgos-entre-la-devocion-y-el-abandono-una-lucha-por-sus-derechos","status":"publish","type":"post","link":"https:\/\/laurbedigital.com.ar\/noticias\/2025\/02\/01\/los-galgos-entre-la-devocion-y-el-abandono-una-lucha-por-sus-derechos\/","title":{"rendered":"Los galgos, entre la devoci\u00f3n y el abandono: una lucha por sus derechos"},"content":{"rendered":"<h3><strong>Una tradici\u00f3n que condena a miles de perros<\/strong><\/h3>\n<p>Los galgos han sido utilizados durante siglos para la caza y las carreras debido a su velocidad y resistencia. En pa\u00edses como Espa\u00f1a, una vez que termina la temporada, muchos cazadores los consideran \u00abin\u00fatiles\u00bb y los abandonan, los sacrifican o los someten a una muerte cruel. En Argentina, aunque las carreras de perros fueron prohibidas en 2016, contin\u00faan realiz\u00e1ndose de manera clandestina, exponiendo a los animales a maltratos, dopaje y condiciones inhumanas.<\/p>\n<p>El abandono de galgos se ha convertido en un problema de gran magnitud. Se estima que solo en Espa\u00f1a m\u00e1s de 50.000 perros son descartados anualmente. En Argentina, si bien no hay cifras oficiales, las organizaciones de rescate reportan cientos de casos cada a\u00f1o.<\/p>\n<h3><strong>Refugios y lucha por sus derechos<\/strong><\/h3>\n<p>Afortunadamente, la concientizaci\u00f3n ha crecido y cada vez m\u00e1s organizaciones trabajan en el rescate y rehabilitaci\u00f3n de estos perros. Grupos como Galgos del Sol en Espa\u00f1a y Proyecto Galgo Argentina se dedican a su recuperaci\u00f3n, promueven su adopci\u00f3n y luchan por legislaciones m\u00e1s estrictas.<\/p>\n<p>En los \u00faltimos a\u00f1os, han aumentado las adopciones de galgos como perros de compa\u00f1\u00eda. A pesar de su pasado como animales de trabajo, son cari\u00f1osos, tranquilos y se adaptan bien a la vida en hogares. Campa\u00f1as de concientizaci\u00f3n buscan desmontar los prejuicios sobre la raza y fomentar su adopci\u00f3n responsable.<\/p>\n<h3><strong>Un cambio necesario<\/strong><\/h3>\n<p>El D\u00eda Mundial del Galgo no es solo una fecha para celebrar a esta noble raza, sino una oportunidad para reflexionar sobre su situaci\u00f3n y exigir cambios. La prohibici\u00f3n de las carreras en Argentina fue un avance, pero su cumplimiento sigue siendo un desaf\u00edo. En Espa\u00f1a, el reclamo por una ley de protecci\u00f3n animal m\u00e1s rigurosa sigue en pie.<\/p>\n<p>Mientras existan tradiciones que los condenen al sufrimiento, la lucha por los derechos de los galgos continuar\u00e1. La clave est\u00e1 en la concientizaci\u00f3n, la adopci\u00f3n responsable y la presi\u00f3n social para lograr legislaciones que los protejan de manera efectiva.<\/p>\n","protected":false},"excerpt":{"rendered":"<p>Una tradici\u00f3n que condena a miles de perros Los galgos han sido utilizados durante siglos para la caza y las<\/p>\n","protected":false},"author":1,"featured_media":112984,"comment_status":"closed","ping_status":"closed","sticky":false,"template":"","format":"standard","meta":{"kia_subtitle":"Cada 1 de febrero se conmemora el D\u00eda Mundial del Galgo para visibilizar el maltrato y abandono que sufre esta raza en varios pa\u00edses, especialmente en Espa\u00f1a y Argentina. A pesar de su elegancia y velocidad, miles de ellos terminan en refugios o abandonados a su suerte.","footnotes":"","jetpack_publicize_message":"","jetpack_publicize_feature_enabled":true,"jetpack_social_post_already_shared":true,"jetpack_social_options":{"image_generator_settings":{"template":"highway","default_image_id":0,"font":"","enabled":false},"version":2}},"categories":[5,2594],"tags":[],"class_list":["post-112986","post","type-post","status-publish","format-standard","has-post-thumbnail","hentry","category-cultura","category-efemerides"],"jetpack_publicize_connections":[],"jetpack_featured_media_url":"https:\/\/laurbedigital.com.ar\/noticias\/wp-content\/uploads\/2025\/02\/20250201-Galgo.jpg","_links":{"self":[{"href":"https:\/\/laurbedigital.com.ar\/noticias\/wp-json\/wp\/v2\/posts\/112986","targetHints":{"allow":["GET"]}}],"collection":[{"href":"https:\/\/laurbedigital.com.ar\/noticias\/wp-json\/wp\/v2\/posts"}],"about":[{"href":"https:\/\/laurbedigital.com.ar\/noticias\/wp-json\/wp\/v2\/types\/post"}],"author":[{"embeddable":true,"href":"https:\/\/laurbedigital.com.ar\/noticias\/wp-json\/wp\/v2\/users\/1"}],"replies":[{"embeddable":true,"href":"https:\/\/laurbedigital.com.ar\/noticias\/wp-json\/wp\/v2\/comments?post=112986"}],"version-history":[{"count":3,"href":"https:\/\/laurbedigital.com.ar\/noticias\/wp-json\/wp\/v2\/posts\/112986\/revisions"}],"predecessor-version":[{"id":113008,"href":"https:\/\/laurbedigital.com.ar\/noticias\/wp-json\/wp\/v2\/posts\/112986\/revisions\/113008"}],"wp:featuredmedia":[{"embeddable":true,"href":"https:\/\/laurbedigital.com.ar\/noticias\/wp-json\/wp\/v2\/media\/112984"}],"wp:attachment":[{"href":"https:\/\/laurbedigital.com.ar\/noticias\/wp-json\/wp\/v2\/media?parent=112986"}],"wp:term":[{"taxonomy":"category","embeddable":true,"href":"https:\/\/laurbedigital.com.ar\/noticias\/wp-json\/wp\/v2\/categories?post=112986"},{"taxonomy":"post_tag","embeddable":true,"href":"https:\/\/laurbedigital.com.ar\/noticias\/wp-json\/wp\/v2\/tags?post=112986"}],"curies":[{"name":"wp","href":"https:\/\/api.w.org\/{rel}","templated":true}]}}