{"id":112982,"date":"2025-02-01T01:11:27","date_gmt":"2025-02-01T04:11:27","guid":{"rendered":"https:\/\/laurbedigital.com.ar\/noticias\/?p=112982"},"modified":"2025-02-01T01:11:27","modified_gmt":"2025-02-01T04:11:27","slug":"la-pba-multo-a-flybondi-por-mas-de-300-millones-debido-a-vuelos-cancelados","status":"publish","type":"post","link":"https:\/\/laurbedigital.com.ar\/noticias\/2025\/02\/01\/la-pba-multo-a-flybondi-por-mas-de-300-millones-debido-a-vuelos-cancelados\/","title":{"rendered":"La PBA mult\u00f3 a Flybondi por m\u00e1s de $300 millones debido a vuelos cancelados"},"content":{"rendered":"<div class=\"field field-name-body field-type-text-with-summary field-label-hidden\">\n<div class=\"field-items\">\n<div class=\"field-item even\">\n<p>El Ministerio de Producci\u00f3n, Ciencia e Innovaci\u00f3n Tecnol\u00f3gica de la Provincia, a trav\u00e9s de su Subsecretar\u00eda de Desarrollo Comercial y Promoci\u00f3n de Inversiones, dispuso\u00a0 la sanci\u00f3n a la aerol\u00ednea Flybondi por m\u00e1s de 300 millones de pesos tras haber detectado una conducta sostenida en perjuicio de los derechos de las y los consumidores bonaerenses.<\/p>\n<p>La empresa incurri\u00f3 y contin\u00faa incurriendo en reiteradas infracciones, como las suspensiones o reprogramaciones de sus vuelos, la dificultad o imposibilidad de comunicarse con la aerol\u00ednea para obtener respuestas y la inviabilidad para optar por reprogramaciones o por los reintegros de los tickets o de los gastos generados debido a de las cancelaciones (como gastos de transporte al aeropuerto, p\u00e9rdida de hoteles, excursiones y paquetes tur\u00edsticos, entre otros).<\/p>\n<p>La Provincia tambi\u00e9n sancion\u00f3 a la firma por no publicar en su sitio web las condiciones generales y particulares de contrataci\u00f3n de los servicios, seg\u00fan lo establecido por la Ley Nacional de Defensa del Consumidor.<\/p>\n<p>Flybondi es una de las 6 empresas m\u00e1s denunciadas en territorio bonaerense. Durante 2024, Defensa de las y los Consumidores de la Provincia recibi\u00f3 m\u00e1s de 2.400 reclamos contra la l\u00ednea a\u00e9rea. Por decisi\u00f3n del gobernador Axel Kicillof, la Provincia s\u00ed defiende los derechos de la comunidad. Por tal motivo, desde el Ministerio encabezado por Augusto Costa, se interviene de oficio para garantizar los derechos vulnerados de las y los consumidores, aplicando la multa y exigi\u00e9ndole a la empresa su adecuaci\u00f3n a la ley.<\/p>\n<\/div>\n<\/div>\n<\/div>\n<div class=\"social-share clearfix\"><\/div>\n","protected":false},"excerpt":{"rendered":"<p>El Ministerio de Producci\u00f3n, Ciencia e Innovaci\u00f3n Tecnol\u00f3gica de la Provincia, a trav\u00e9s de su Subsecretar\u00eda de Desarrollo Comercial y<\/p>\n","protected":false},"author":1,"featured_media":112983,"comment_status":"closed","ping_status":"closed","sticky":false,"template":"","format":"standard","meta":{"kia_subtitle":"La aerol\u00ednea fue sancionada tras confirmarse sus infracciones a la Ley N\u00b0 24.240 de Defensa del Consumidor, a partir de 2400 reclamos y denuncias realizadas por usuarias y usuarios de la provincia que no tuvieron respuestas","footnotes":"","jetpack_publicize_message":"","jetpack_publicize_feature_enabled":true,"jetpack_social_post_already_shared":true,"jetpack_social_options":{"image_generator_settings":{"template":"highway","default_image_id":0,"font":"","enabled":false},"version":2}},"categories":[3,56],"tags":[],"class_list":["post-112982","post","type-post","status-publish","format-standard","has-post-thumbnail","hentry","category-actualidad","category-buenos-aires"],"jetpack_publicize_connections":[],"jetpack_featured_media_url":"https:\/\/laurbedigital.com.ar\/noticias\/wp-content\/uploads\/2025\/02\/20250201-Flybondi.jpg","_links":{"self":[{"href":"https:\/\/laurbedigital.com.ar\/noticias\/wp-json\/wp\/v2\/posts\/112982","targetHints":{"allow":["GET"]}}],"collection":[{"href":"https:\/\/laurbedigital.com.ar\/noticias\/wp-json\/wp\/v2\/posts"}],"about":[{"href":"https:\/\/laurbedigital.com.ar\/noticias\/wp-json\/wp\/v2\/types\/post"}],"author":[{"embeddable":true,"href":"https:\/\/laurbedigital.com.ar\/noticias\/wp-json\/wp\/v2\/users\/1"}],"replies":[{"embeddable":true,"href":"https:\/\/laurbedigital.com.ar\/noticias\/wp-json\/wp\/v2\/comments?post=112982"}],"version-history":[{"count":1,"href":"https:\/\/laurbedigital.com.ar\/noticias\/wp-json\/wp\/v2\/posts\/112982\/revisions"}],"predecessor-version":[{"id":112985,"href":"https:\/\/laurbedigital.com.ar\/noticias\/wp-json\/wp\/v2\/posts\/112982\/revisions\/112985"}],"wp:featuredmedia":[{"embeddable":true,"href":"https:\/\/laurbedigital.com.ar\/noticias\/wp-json\/wp\/v2\/media\/112983"}],"wp:attachment":[{"href":"https:\/\/laurbedigital.com.ar\/noticias\/wp-json\/wp\/v2\/media?parent=112982"}],"wp:term":[{"taxonomy":"category","embeddable":true,"href":"https:\/\/laurbedigital.com.ar\/noticias\/wp-json\/wp\/v2\/categories?post=112982"},{"taxonomy":"post_tag","embeddable":true,"href":"https:\/\/laurbedigital.com.ar\/noticias\/wp-json\/wp\/v2\/tags?post=112982"}],"curies":[{"name":"wp","href":"https:\/\/api.w.org\/{rel}","templated":true}]}}