{"id":112971,"date":"2025-01-31T01:19:50","date_gmt":"2025-01-31T04:19:50","guid":{"rendered":"https:\/\/laurbedigital.com.ar\/noticias\/?p=112971"},"modified":"2025-01-31T01:19:50","modified_gmt":"2025-01-31T04:19:50","slug":"por-que-olvidamos-nuestros-suenos","status":"publish","type":"post","link":"https:\/\/laurbedigital.com.ar\/noticias\/2025\/01\/31\/por-que-olvidamos-nuestros-suenos\/","title":{"rendered":"\u00bfPor qu\u00e9 olvidamos nuestros sue\u00f1os?"},"content":{"rendered":"<p>Cada noche, el cerebro humano crea narrativas complejas mientras dormimos. Sin embargo, al despertar, muchas de estas historias se desvanecen r\u00e1pidamente. Mientras algunas personas recuerdan sus sue\u00f1os con detalle, otras apenas retienen fragmentos o creen que no sue\u00f1an en absoluto. Pero la ciencia ha confirmado que so\u00f1ar es una actividad constante del cerebro, incluso si no lo recordamos.<\/p>\n<p>Seg\u00fan la profesora de psicolog\u00eda y neurociencia Erin Wamsley, de la Universidad Furman, el recuerdo de los sue\u00f1os depende en gran parte del momento en que despertamos. Si una persona es interrumpida en plena fase de sue\u00f1o REM, hay mayores probabilidades de que retenga la informaci\u00f3n on\u00edrica. En cambio, si el despertar ocurre en otro momento del ciclo del sue\u00f1o, los recuerdos pueden desvanecerse en cuesti\u00f3n de minutos.<\/p>\n<p>Los neurotransmisores tambi\u00e9n juegan un papel clave en este proceso. Durante el sue\u00f1o REM, los niveles de acetilcolina est\u00e1n elevados, lo que favorece la actividad neuronal asociada con la generaci\u00f3n de sue\u00f1os. Sin embargo, los niveles de noradrenalina, cruciales para la consolidaci\u00f3n de recuerdos, son bajos. Esto podr\u00eda explicar por qu\u00e9 los sue\u00f1os se olvidan tan f\u00e1cilmente.<\/p>\n<p>La forma en que despertamos tambi\u00e9n influye. Estudios del Hospital General de Massachusetts sugieren que el uso de alarmas abruptas puede dificultar la retenci\u00f3n de sue\u00f1os, ya que el aumento repentino del cortisol desv\u00eda la atenci\u00f3n hacia las actividades del d\u00eda. En cambio, despertares naturales o m\u00e1s pausados pueden facilitar la rememoraci\u00f3n.<\/p>\n<p>Las emociones tambi\u00e9n desempe\u00f1an un rol determinante. Sue\u00f1os con alto contenido emocional suelen ser m\u00e1s f\u00e1ciles de recordar, ya que activan regiones cerebrales como la am\u00edgdala y el hipocampo, vinculadas con la memoria afectiva. Adem\u00e1s, las personas con mayor apertura a la experiencia, seg\u00fan tests de personalidad, tienden a recordar sus sue\u00f1os con mayor frecuencia.<\/p>\n<p>A pesar de la fascinaci\u00f3n que generan los sue\u00f1os, los cient\u00edficos descartan la idea de significados universales ocultos. En cambio, sugieren que los sue\u00f1os reflejan preocupaciones, emociones y vivencias recientes. Su funci\u00f3n principal podr\u00eda estar relacionada con la consolidaci\u00f3n de la memoria y la regulaci\u00f3n emocional, ayudando a procesar experiencias y a mantener el equilibrio psicol\u00f3gico.<\/p>\n<p>Si bien el olvido de los sue\u00f1os sigue siendo un enigma, la investigaci\u00f3n contin\u00faa arrojando luz sobre este fen\u00f3meno. Conocer c\u00f3mo y por qu\u00e9 recordamos o perdemos estos relatos nocturnos puede ayudarnos a comprender mejor el funcionamiento de nuestra mente mientras dormimos.<\/p>\n","protected":false},"excerpt":{"rendered":"<p>Cada noche, el cerebro humano crea narrativas complejas mientras dormimos. Sin embargo, al despertar, muchas de estas historias se desvanecen<\/p>\n","protected":false},"author":1,"featured_media":70876,"comment_status":"closed","ping_status":"closed","sticky":false,"template":"","format":"standard","meta":{"kia_subtitle":"La memoria on\u00edrica es un misterio que la ciencia intenta descifrar. Qu\u00e9 explicaciones existen y c\u00f3mo influye la forma en que despertamos.","footnotes":"","jetpack_publicize_message":"","jetpack_publicize_feature_enabled":true,"jetpack_social_post_already_shared":true,"jetpack_social_options":{"image_generator_settings":{"template":"highway","default_image_id":0,"font":"","enabled":false},"version":2}},"categories":[15,70],"tags":[],"class_list":["post-112971","post","type-post","status-publish","format-standard","has-post-thumbnail","hentry","category-tendencias","category-salud"],"jetpack_publicize_connections":[],"jetpack_featured_media_url":"https:\/\/laurbedigital.com.ar\/noticias\/wp-content\/uploads\/2022\/02\/20220219-Dormir.jpg","_links":{"self":[{"href":"https:\/\/laurbedigital.com.ar\/noticias\/wp-json\/wp\/v2\/posts\/112971","targetHints":{"allow":["GET"]}}],"collection":[{"href":"https:\/\/laurbedigital.com.ar\/noticias\/wp-json\/wp\/v2\/posts"}],"about":[{"href":"https:\/\/laurbedigital.com.ar\/noticias\/wp-json\/wp\/v2\/types\/post"}],"author":[{"embeddable":true,"href":"https:\/\/laurbedigital.com.ar\/noticias\/wp-json\/wp\/v2\/users\/1"}],"replies":[{"embeddable":true,"href":"https:\/\/laurbedigital.com.ar\/noticias\/wp-json\/wp\/v2\/comments?post=112971"}],"version-history":[{"count":2,"href":"https:\/\/laurbedigital.com.ar\/noticias\/wp-json\/wp\/v2\/posts\/112971\/revisions"}],"predecessor-version":[{"id":112973,"href":"https:\/\/laurbedigital.com.ar\/noticias\/wp-json\/wp\/v2\/posts\/112971\/revisions\/112973"}],"wp:featuredmedia":[{"embeddable":true,"href":"https:\/\/laurbedigital.com.ar\/noticias\/wp-json\/wp\/v2\/media\/70876"}],"wp:attachment":[{"href":"https:\/\/laurbedigital.com.ar\/noticias\/wp-json\/wp\/v2\/media?parent=112971"}],"wp:term":[{"taxonomy":"category","embeddable":true,"href":"https:\/\/laurbedigital.com.ar\/noticias\/wp-json\/wp\/v2\/categories?post=112971"},{"taxonomy":"post_tag","embeddable":true,"href":"https:\/\/laurbedigital.com.ar\/noticias\/wp-json\/wp\/v2\/tags?post=112971"}],"curies":[{"name":"wp","href":"https:\/\/api.w.org\/{rel}","templated":true}]}}