{"id":112968,"date":"2025-01-31T01:15:35","date_gmt":"2025-01-31T04:15:35","guid":{"rendered":"https:\/\/laurbedigital.com.ar\/noticias\/?p=112968"},"modified":"2025-01-31T01:15:35","modified_gmt":"2025-01-31T04:15:35","slug":"dia-internacional-del-mago-un-homenaje-a-la-ilusion-y-el-talento","status":"publish","type":"post","link":"https:\/\/laurbedigital.com.ar\/noticias\/2025\/01\/31\/dia-internacional-del-mago-un-homenaje-a-la-ilusion-y-el-talento\/","title":{"rendered":"D\u00eda Internacional del Mago: Un homenaje a la ilusi\u00f3n y el talento"},"content":{"rendered":"<p>El 31 de enero se celebra el D\u00eda Internacional del Mago, una fecha que reconoce el talento y la creatividad de quienes dedican su vida a sorprender y maravillar con sus habilidades. La jornada no solo busca enaltecer la magia como arte, sino tambi\u00e9n destacar su influencia en la cultura y el entretenimiento a lo largo de la historia.<\/p>\n<h3><strong>Un tributo a San Juan Bosco<\/strong><\/h3>\n<p>La elecci\u00f3n del 31 de enero no es casual. La fecha conmemora la muerte de San Juan Bosco en 1888, sacerdote italiano que utiliz\u00f3 la magia como herramienta pedag\u00f3gica para captar la atenci\u00f3n de los j\u00f3venes y transmitir valores. Su carisma y habilidades lo convirtieron en un referente tanto en la educaci\u00f3n como en el mundo del ilusionismo, gan\u00e1ndose el reconocimiento como el patrono de los magos.<\/p>\n<h3><strong>El arte de la magia a trav\u00e9s del tiempo<\/strong><\/h3>\n<p>Desde tiempos remotos, la magia ha fascinado a la humanidad. En el Antiguo Egipto, los sacerdotes ya realizaban trucos que asombraban a la poblaci\u00f3n, mientras que en la Edad Media, los ilusionistas eran vistos con recelo e incluso perseguidos. Sin embargo, en el siglo XIX, la magia comenz\u00f3 a consolidarse como un arte respetado, con figuras como Harry Houdini y Jean Eug\u00e8ne Robert-Houdin que llevaron el ilusionismo a los grandes escenarios.<\/p>\n<p>Hoy en d\u00eda, la magia sigue evolucionando. Desde espect\u00e1culos de grandes ilusiones hasta la magia de cerca, artistas como David Copperfield, Criss Angel y Dynamo han sabido adaptar este arte a las nuevas tecnolog\u00edas, fusionando efectos visuales con narrativas impactantes.<\/p>\n<h3><strong>La magia en Argentina<\/strong><\/h3>\n<p>Argentina tambi\u00e9n ha sido cuna de grandes magos. Fu Manch\u00fa, cuyo verdadero nombre era David Bamberg, fue uno de los ilusionistas m\u00e1s destacados a nivel mundial en el siglo XX. Actualmente, el pa\u00eds cuenta con una vibrante comunidad de magos, con eventos y convenciones que celebran el ilusionismo en todas sus formas.<\/p>\n<h3><strong>M\u00e1s que un arte, una forma de inspirar<\/strong><\/h3>\n<p>El D\u00eda Internacional del Mago no solo reconoce la destreza de estos artistas, sino que tambi\u00e9n celebra su capacidad de inspirar y generar asombro. La magia sigue siendo un puente entre la fantas\u00eda y la realidad, record\u00e1ndonos que, a veces, lo imposible puede volverse posible.<\/p>\n","protected":false},"excerpt":{"rendered":"<p>El 31 de enero se celebra el D\u00eda Internacional del Mago, una fecha que reconoce el talento y la creatividad<\/p>\n","protected":false},"author":1,"featured_media":87841,"comment_status":"closed","ping_status":"closed","sticky":false,"template":"","format":"standard","meta":{"kia_subtitle":"Cada 31 de enero, el mundo rinde homenaje a los artistas del ilusionismo en honor a San Juan Bosco, el patrono de los magos.","footnotes":"","jetpack_publicize_message":"","jetpack_publicize_feature_enabled":true,"jetpack_social_post_already_shared":true,"jetpack_social_options":{"image_generator_settings":{"template":"highway","default_image_id":0,"font":"","enabled":false},"version":2}},"categories":[5,2594],"tags":[],"class_list":["post-112968","post","type-post","status-publish","format-standard","has-post-thumbnail","hentry","category-cultura","category-efemerides"],"jetpack_publicize_connections":[],"jetpack_featured_media_url":"https:\/\/laurbedigital.com.ar\/noticias\/wp-content\/uploads\/2023\/01\/20230131-Mago.jpg","_links":{"self":[{"href":"https:\/\/laurbedigital.com.ar\/noticias\/wp-json\/wp\/v2\/posts\/112968","targetHints":{"allow":["GET"]}}],"collection":[{"href":"https:\/\/laurbedigital.com.ar\/noticias\/wp-json\/wp\/v2\/posts"}],"about":[{"href":"https:\/\/laurbedigital.com.ar\/noticias\/wp-json\/wp\/v2\/types\/post"}],"author":[{"embeddable":true,"href":"https:\/\/laurbedigital.com.ar\/noticias\/wp-json\/wp\/v2\/users\/1"}],"replies":[{"embeddable":true,"href":"https:\/\/laurbedigital.com.ar\/noticias\/wp-json\/wp\/v2\/comments?post=112968"}],"version-history":[{"count":2,"href":"https:\/\/laurbedigital.com.ar\/noticias\/wp-json\/wp\/v2\/posts\/112968\/revisions"}],"predecessor-version":[{"id":112970,"href":"https:\/\/laurbedigital.com.ar\/noticias\/wp-json\/wp\/v2\/posts\/112968\/revisions\/112970"}],"wp:featuredmedia":[{"embeddable":true,"href":"https:\/\/laurbedigital.com.ar\/noticias\/wp-json\/wp\/v2\/media\/87841"}],"wp:attachment":[{"href":"https:\/\/laurbedigital.com.ar\/noticias\/wp-json\/wp\/v2\/media?parent=112968"}],"wp:term":[{"taxonomy":"category","embeddable":true,"href":"https:\/\/laurbedigital.com.ar\/noticias\/wp-json\/wp\/v2\/categories?post=112968"},{"taxonomy":"post_tag","embeddable":true,"href":"https:\/\/laurbedigital.com.ar\/noticias\/wp-json\/wp\/v2\/tags?post=112968"}],"curies":[{"name":"wp","href":"https:\/\/api.w.org\/{rel}","templated":true}]}}