{"id":112965,"date":"2025-01-31T01:12:52","date_gmt":"2025-01-31T04:12:52","guid":{"rendered":"https:\/\/laurbedigital.com.ar\/noticias\/?p=112965"},"modified":"2025-01-31T01:12:52","modified_gmt":"2025-01-31T04:12:52","slug":"el-eternauta-la-iconica-historieta-argentina-llega-a-netflix","status":"publish","type":"post","link":"https:\/\/laurbedigital.com.ar\/noticias\/2025\/01\/31\/el-eternauta-la-iconica-historieta-argentina-llega-a-netflix\/","title":{"rendered":"El Eternauta: La ic\u00f3nica historieta argentina llega a Netflix"},"content":{"rendered":"<p>El Eternauta, la emblem\u00e1tica historieta argentina creada por H\u00e9ctor Germ\u00e1n Oesterheld y Francisco Solano L\u00f3pez, dar\u00e1 el salto a la pantalla chica con una serie que se estrenar\u00e1 en Netflix el pr\u00f3ximo 30 de abril de 2025. Esta producci\u00f3n, dirigida por Bruno Stagnaro, promete llevar a una nueva generaci\u00f3n la cautivante historia de ciencia ficci\u00f3n que ha marcado a tantas anteriores.<\/p>\n<p>La trama sigue a Juan Salvo, interpretado por Ricardo Dar\u00edn, quien junto a su familia y amigos debe enfrentar una nevada mortal que azota Buenos Aires, aislando a la ciudad y diezmando a la poblaci\u00f3n. A medida que luchan por sobrevivir, descubren que esta cat\u00e1strofe es solo el preludio de una invasi\u00f3n extraterrestre que amenaza con destruir la humanidad.<\/p>\n<p>El elenco de la serie se completa con destacados actores como Carla Peterson, C\u00e9sar Troncoso, Andrea Pietra, Ariel Staltari, Marcelo Subiotto, Claudio Mart\u00ednez Bel, Orianna C\u00e1rdenas y Mora Fisz. La producci\u00f3n, que consta de seis episodios, se film\u00f3 \u00edntegramente en Buenos Aires entre mayo y diciembre de 2023, utilizando m\u00e1s de 35 locaciones reales y m\u00e1s de 25 escenarios dise\u00f1ados con tecnolog\u00eda de producci\u00f3n virtual para crear un ambiente \u00fanico.<\/p>\n<p>La adaptaci\u00f3n de El Eternauta ha sido un proyecto largamente esperado, con varios intentos fallidos en el pasado. Finalmente, bajo la direcci\u00f3n de Stagnaro y con la participaci\u00f3n de un elenco de primer nivel, la serie ver\u00e1 la luz en la plataforma de streaming, acercando esta obra maestra de la ciencia ficci\u00f3n argentina a una audiencia global.<\/p>\n<p>La elecci\u00f3n de Ricardo Dar\u00edn para el papel de Juan Salvo ha generado altas expectativas entre los seguidores de la historieta, dado su reconocido talento y trayectoria en el cine nacional e internacional. Adem\u00e1s, la incorporaci\u00f3n de tecnolog\u00eda de producci\u00f3n virtual y la cuidadosa selecci\u00f3n de locaciones buscan recrear fielmente la atm\u00f3sfera opresiva y desoladora que caracteriza a la obra original.<\/p>\n<p><iframe loading=\"lazy\" title=\"El Eternauta | Primer vistazo | Netflix\" src=\"https:\/\/www.youtube.com\/embed\/Y5fbyh_xPXo\" width=\"731\" height=\"441\" frameborder=\"0\" allowfullscreen=\"allowfullscreen\"><\/iframe><\/p>\n<p>El Eternauta no solo es una historia de supervivencia ante una amenaza extraterrestre, sino tambi\u00e9n una reflexi\u00f3n profunda sobre la resistencia, la solidaridad y la lucha contra la opresi\u00f3n. Su adaptaci\u00f3n televisiva llega en un momento oportuno, invitando a nuevas generaciones a descubrir y reflexionar sobre estos temas universales.<\/p>\n<p>Con su estreno programado para el 30 de abril de 2025, El Eternauta se perfila como uno de los lanzamientos m\u00e1s destacados del a\u00f1o en Netflix, ofreciendo una combinaci\u00f3n de narrativa envolvente, actuaciones destacadas y una producci\u00f3n de alta calidad que promete cautivar tanto a los fan\u00e1ticos de la historieta original como a nuevos espectadores en todo el mundo.<\/p>\n","protected":false},"excerpt":{"rendered":"<p>El Eternauta, la emblem\u00e1tica historieta argentina creada por H\u00e9ctor Germ\u00e1n Oesterheld y Francisco Solano L\u00f3pez, dar\u00e1 el salto a la<\/p>\n","protected":false},"author":1,"featured_media":91548,"comment_status":"closed","ping_status":"closed","sticky":false,"template":"","format":"standard","meta":{"kia_subtitle":"La esperada adaptaci\u00f3n de la obra de H\u00e9ctor Germ\u00e1n Oesterheld se estrenar\u00e1 el 30 de abril de 2025.","footnotes":"","jetpack_publicize_message":"","jetpack_publicize_feature_enabled":true,"jetpack_social_post_already_shared":true,"jetpack_social_options":{"image_generator_settings":{"template":"highway","default_image_id":0,"font":"","enabled":false},"version":2}},"categories":[68,2600],"tags":[],"class_list":["post-112965","post","type-post","status-publish","format-standard","has-post-thumbnail","hentry","category-cine-y-series","category-espectaculo"],"jetpack_publicize_connections":[],"jetpack_featured_media_url":"https:\/\/laurbedigital.com.ar\/noticias\/wp-content\/uploads\/2023\/05\/20230514-eternauta.jpg","_links":{"self":[{"href":"https:\/\/laurbedigital.com.ar\/noticias\/wp-json\/wp\/v2\/posts\/112965","targetHints":{"allow":["GET"]}}],"collection":[{"href":"https:\/\/laurbedigital.com.ar\/noticias\/wp-json\/wp\/v2\/posts"}],"about":[{"href":"https:\/\/laurbedigital.com.ar\/noticias\/wp-json\/wp\/v2\/types\/post"}],"author":[{"embeddable":true,"href":"https:\/\/laurbedigital.com.ar\/noticias\/wp-json\/wp\/v2\/users\/1"}],"replies":[{"embeddable":true,"href":"https:\/\/laurbedigital.com.ar\/noticias\/wp-json\/wp\/v2\/comments?post=112965"}],"version-history":[{"count":2,"href":"https:\/\/laurbedigital.com.ar\/noticias\/wp-json\/wp\/v2\/posts\/112965\/revisions"}],"predecessor-version":[{"id":112967,"href":"https:\/\/laurbedigital.com.ar\/noticias\/wp-json\/wp\/v2\/posts\/112965\/revisions\/112967"}],"wp:featuredmedia":[{"embeddable":true,"href":"https:\/\/laurbedigital.com.ar\/noticias\/wp-json\/wp\/v2\/media\/91548"}],"wp:attachment":[{"href":"https:\/\/laurbedigital.com.ar\/noticias\/wp-json\/wp\/v2\/media?parent=112965"}],"wp:term":[{"taxonomy":"category","embeddable":true,"href":"https:\/\/laurbedigital.com.ar\/noticias\/wp-json\/wp\/v2\/categories?post=112965"},{"taxonomy":"post_tag","embeddable":true,"href":"https:\/\/laurbedigital.com.ar\/noticias\/wp-json\/wp\/v2\/tags?post=112965"}],"curies":[{"name":"wp","href":"https:\/\/api.w.org\/{rel}","templated":true}]}}