{"id":112897,"date":"2025-01-28T01:10:09","date_gmt":"2025-01-28T04:10:09","guid":{"rendered":"https:\/\/laurbedigital.com.ar\/noticias\/?p=112897"},"modified":"2025-01-28T01:10:09","modified_gmt":"2025-01-28T04:10:09","slug":"aysa-suba-en-febrero-y-nuevos-ajustes-tarifarios-en-camino","status":"publish","type":"post","link":"https:\/\/laurbedigital.com.ar\/noticias\/2025\/01\/28\/aysa-suba-en-febrero-y-nuevos-ajustes-tarifarios-en-camino\/","title":{"rendered":"AySA: suba en febrero y nuevos ajustes tarifarios en camino"},"content":{"rendered":"<p>Las tarifas de Agua y Saneamientos Argentinos (AySA) experimentar\u00e1n un incremento del 1% a partir de febrero, seg\u00fan inform\u00f3 la Secretar\u00eda de Obras P\u00fablicas del Ministerio de Econom\u00eda. Este ajuste se oficializ\u00f3 mediante la Resoluci\u00f3n 11\/2025, publicada hoy en el Bolet\u00edn Oficial, y forma parte de un plan m\u00e1s amplio para estabilizar las tarifas y contener el impacto inflacionario.<\/p>\n<p>El aumento del 1% establecido para este mes se encuentra por debajo del 3,29% que hab\u00eda sido fijado en la f\u00f3rmula de actualizaci\u00f3n mensual de la empresa estatal que opera en el \u00c1rea Metropolitana de Buenos Aires (AMBA). Es el segundo mes consecutivo en el que el Gobierno limita los incrementos tarifarios, con el objetivo de mitigar su impacto en los bolsillos de los ciudadanos y contribuir a la desaceleraci\u00f3n de la inflaci\u00f3n.<\/p>\n<p>Adem\u00e1s, la resoluci\u00f3n ordena que AySA elabore durante el primer trimestre de 2025 una nueva adecuaci\u00f3n tarifaria y un sistema de actualizaci\u00f3n que permita establecer un marco m\u00e1s previsible para los usuarios.<\/p>\n<p>En paralelo, la empresa aprob\u00f3 un plan para fomentar la participaci\u00f3n de capital privado, con miras a reducir la dependencia del Estado argentino en su financiamiento. Este movimiento busca garantizar inversiones sostenibles en infraestructura y modernizaci\u00f3n del servicio, sin comprometer la calidad ni accesibilidad del recurso h\u00eddrico.<\/p>\n<p>Mientras AySA avanza en la implementaci\u00f3n de estas medidas, el Gobierno se enfrenta al desaf\u00edo de equilibrar la necesidad de financiamiento para el servicio con el alivio al impacto inflacionario en las tarifas. La suba del 1% en febrero representa un paso en esa direcci\u00f3n, pero el ajuste integral previsto para el trimestre podr\u00eda marcar un punto de inflexi\u00f3n en la estrategia tarifaria.<\/p>\n<p>&nbsp;<\/p>\n","protected":false},"excerpt":{"rendered":"<p>Las tarifas de Agua y Saneamientos Argentinos (AySA) experimentar\u00e1n un incremento del 1% a partir de febrero, seg\u00fan inform\u00f3 la<\/p>\n","protected":false},"author":1,"featured_media":110040,"comment_status":"closed","ping_status":"closed","sticky":false,"template":"","format":"standard","meta":{"kia_subtitle":"Desde febrero, las tarifas de AySA aumentan un 1%, por debajo de lo esperado. El Gobierno busca contener la inflaci\u00f3n mientras planifica nuevas adecuaciones.","footnotes":"","jetpack_publicize_message":"","jetpack_publicize_feature_enabled":true,"jetpack_social_post_already_shared":true,"jetpack_social_options":{"image_generator_settings":{"template":"highway","default_image_id":0,"font":"","enabled":false},"version":2}},"categories":[3,13],"tags":[],"class_list":["post-112897","post","type-post","status-publish","format-standard","has-post-thumbnail","hentry","category-actualidad","category-region"],"jetpack_publicize_connections":[],"jetpack_featured_media_url":"https:\/\/laurbedigital.com.ar\/noticias\/wp-content\/uploads\/2024\/10\/202410227-Aysa.jpg","_links":{"self":[{"href":"https:\/\/laurbedigital.com.ar\/noticias\/wp-json\/wp\/v2\/posts\/112897","targetHints":{"allow":["GET"]}}],"collection":[{"href":"https:\/\/laurbedigital.com.ar\/noticias\/wp-json\/wp\/v2\/posts"}],"about":[{"href":"https:\/\/laurbedigital.com.ar\/noticias\/wp-json\/wp\/v2\/types\/post"}],"author":[{"embeddable":true,"href":"https:\/\/laurbedigital.com.ar\/noticias\/wp-json\/wp\/v2\/users\/1"}],"replies":[{"embeddable":true,"href":"https:\/\/laurbedigital.com.ar\/noticias\/wp-json\/wp\/v2\/comments?post=112897"}],"version-history":[{"count":2,"href":"https:\/\/laurbedigital.com.ar\/noticias\/wp-json\/wp\/v2\/posts\/112897\/revisions"}],"predecessor-version":[{"id":112899,"href":"https:\/\/laurbedigital.com.ar\/noticias\/wp-json\/wp\/v2\/posts\/112897\/revisions\/112899"}],"wp:featuredmedia":[{"embeddable":true,"href":"https:\/\/laurbedigital.com.ar\/noticias\/wp-json\/wp\/v2\/media\/110040"}],"wp:attachment":[{"href":"https:\/\/laurbedigital.com.ar\/noticias\/wp-json\/wp\/v2\/media?parent=112897"}],"wp:term":[{"taxonomy":"category","embeddable":true,"href":"https:\/\/laurbedigital.com.ar\/noticias\/wp-json\/wp\/v2\/categories?post=112897"},{"taxonomy":"post_tag","embeddable":true,"href":"https:\/\/laurbedigital.com.ar\/noticias\/wp-json\/wp\/v2\/tags?post=112897"}],"curies":[{"name":"wp","href":"https:\/\/api.w.org\/{rel}","templated":true}]}}