{"id":112889,"date":"2025-01-28T00:08:03","date_gmt":"2025-01-28T03:08:03","guid":{"rendered":"https:\/\/laurbedigital.com.ar\/noticias\/?p=112889"},"modified":"2025-01-27T13:40:39","modified_gmt":"2025-01-27T16:40:39","slug":"dia-de-la-privacidad-hagamos-valer-nuestros-derechos-2","status":"publish","type":"post","link":"https:\/\/laurbedigital.com.ar\/noticias\/2025\/01\/28\/dia-de-la-privacidad-hagamos-valer-nuestros-derechos-2\/","title":{"rendered":"D\u00eda de la privacidad: hagamos valer nuestros derechos"},"content":{"rendered":"<p><strong>En el \u00abD\u00eda Internacional de la Protecci\u00f3n de Datos Personales\u00bb, reflexionamos sobre la importancia de resguardar nuestra privacidad. En Argentina, la Ley 27.483 respalda nuestros derechos, permitiendo acceso, actualizaci\u00f3n y denuncia en caso de incumplimiento.<\/strong><\/p>\n<h4><strong>D\u00eda de la privacidad: hagamos valer nuestros derechos<\/strong><\/h4>\n<p>En todo el mundo se celebra el <strong>\u201cD\u00eda Internacional de la Protecci\u00f3n de Datos Personales\u201d,<\/strong> una iniciativa impulsada por el Consejo de Europa y la Comisi\u00f3n Europea, en conmemoraci\u00f3n del d\u00eda de la apertura de la firma del Convenio 108 para la protecci\u00f3n de las personas con respecto al tratamiento automatizado de datos de car\u00e1cter personal.<\/p>\n<p>En nuestro pa\u00eds se sancion\u00f3 a finales del 2018 la\u00a0Ley 27.483\u00a0que adhiere a dicho convenio, con el fin de garantizar el resguardo de los derechos en cuanto a la privacidad de los datos personales.<\/p>\n<p>Por otra parte, te recordamos que ten\u00e9s derecho a acceder, solicitar la actualizaci\u00f3n, rectificaci\u00f3n o supresi\u00f3n de tus datos personales. Si el organismo o empresa no cumple con alguno de estos derechos, pod\u00e9s presentar una denuncia ante la\u00a0Direcci\u00f3n Nacional de Protecci\u00f3n de Datos Personales.<\/p>\n<p>&nbsp;<\/p>\n<p>&nbsp;<\/p>\n","protected":false},"excerpt":{"rendered":"<p>En el \u00abD\u00eda Internacional de la Protecci\u00f3n de Datos Personales\u00bb, reflexionamos sobre la importancia de resguardar nuestra privacidad. En Argentina,<\/p>\n","protected":false},"author":1,"featured_media":69632,"comment_status":"closed","ping_status":"closed","sticky":false,"template":"","format":"standard","meta":{"kia_subtitle":"Se celebra el D\u00eda Internacional de la Protecci\u00f3n de Datos Personales y desde La Urbe queremos recordarte la importancia de proteger tu privacidad.","footnotes":"","jetpack_publicize_message":"","jetpack_publicize_feature_enabled":true,"jetpack_social_post_already_shared":true,"jetpack_social_options":{"image_generator_settings":{"template":"highway","default_image_id":0,"font":"","enabled":false},"version":2}},"categories":[5,2594],"tags":[],"class_list":["post-112889","post","type-post","status-publish","format-standard","has-post-thumbnail","hentry","category-cultura","category-efemerides"],"jetpack_publicize_connections":[],"jetpack_featured_media_url":"https:\/\/laurbedigital.com.ar\/noticias\/wp-content\/uploads\/2022\/01\/20220129-Proteccion-de-datos.jpg","_links":{"self":[{"href":"https:\/\/laurbedigital.com.ar\/noticias\/wp-json\/wp\/v2\/posts\/112889","targetHints":{"allow":["GET"]}}],"collection":[{"href":"https:\/\/laurbedigital.com.ar\/noticias\/wp-json\/wp\/v2\/posts"}],"about":[{"href":"https:\/\/laurbedigital.com.ar\/noticias\/wp-json\/wp\/v2\/types\/post"}],"author":[{"embeddable":true,"href":"https:\/\/laurbedigital.com.ar\/noticias\/wp-json\/wp\/v2\/users\/1"}],"replies":[{"embeddable":true,"href":"https:\/\/laurbedigital.com.ar\/noticias\/wp-json\/wp\/v2\/comments?post=112889"}],"version-history":[{"count":1,"href":"https:\/\/laurbedigital.com.ar\/noticias\/wp-json\/wp\/v2\/posts\/112889\/revisions"}],"predecessor-version":[{"id":112890,"href":"https:\/\/laurbedigital.com.ar\/noticias\/wp-json\/wp\/v2\/posts\/112889\/revisions\/112890"}],"wp:featuredmedia":[{"embeddable":true,"href":"https:\/\/laurbedigital.com.ar\/noticias\/wp-json\/wp\/v2\/media\/69632"}],"wp:attachment":[{"href":"https:\/\/laurbedigital.com.ar\/noticias\/wp-json\/wp\/v2\/media?parent=112889"}],"wp:term":[{"taxonomy":"category","embeddable":true,"href":"https:\/\/laurbedigital.com.ar\/noticias\/wp-json\/wp\/v2\/categories?post=112889"},{"taxonomy":"post_tag","embeddable":true,"href":"https:\/\/laurbedigital.com.ar\/noticias\/wp-json\/wp\/v2\/tags?post=112889"}],"curies":[{"name":"wp","href":"https:\/\/api.w.org\/{rel}","templated":true}]}}