{"id":112732,"date":"2025-01-21T14:14:42","date_gmt":"2025-01-21T17:14:42","guid":{"rendered":"https:\/\/laurbedigital.com.ar\/noticias\/?p=112732"},"modified":"2025-01-21T14:14:42","modified_gmt":"2025-01-21T17:14:42","slug":"desorden-publico-la-miniserie-italiana-que-conquista-netflix-en-2025","status":"publish","type":"post","link":"https:\/\/laurbedigital.com.ar\/noticias\/2025\/01\/21\/desorden-publico-la-miniserie-italiana-que-conquista-netflix-en-2025\/","title":{"rendered":"\u00abDesorden P\u00fablico\u00bb: La miniserie italiana que conquista Netflix en 2025"},"content":{"rendered":"<p>El 2025 comenz\u00f3 con un estreno que promete dejar huella. <em>Desorden P\u00fablico<\/em>, una miniserie italiana disponible en Netflix, combina tensi\u00f3n, emociones y dilemas humanos en un relato que explora las vidas de un equipo de polic\u00edas antidisturbios en Roma. Con solo seis episodios, ha logrado posicionarse como uno de los t\u00edtulos m\u00e1s vistos y comentados del momento.<\/p>\n<p>Basada en la novela hom\u00f3nima de Carlo Bonini y dirigida por Filippo Gravino, <em>Desorden P\u00fablico<\/em> es un thriller que ahonda en las complejidades personales y profesionales de un grupo de polic\u00edas. A lo largo de sus seis episodios, cada uno con una duraci\u00f3n aproximada de 45 minutos, la producci\u00f3n ofrece un relato crudo y emocional que retrata c\u00f3mo el odio y las tensiones internas desmoronan la unidad del equipo.<\/p>\n<p>La serie presenta un elenco italiano de primer nivel. Julia Messina, Francesco Buttironi, Marco Giallini y Valentina Bell\u00e8 lideran las interpretaciones con actuaciones cautivadoras que dan vida a personajes profundamente humanos. A trav\u00e9s de sus historias, <em>Desorden P\u00fablico<\/em> refleja no solo los desaf\u00edos de la labor policial, sino tambi\u00e9n las luchas internas y los conflictos morales que enfrentan sus protagonistas.<\/p>\n<p>Desde su estreno en enero de este a\u00f1o, la serie ha cosechado cr\u00edticas positivas de medios especializados. Heaven of Horror la describe como \u00abuna narraci\u00f3n intensa y poderosa a lo largo de seis episodios\u00bb. Este elogio se suma a la recepci\u00f3n del p\u00fablico, que ha colocado la producci\u00f3n entre las m\u00e1s vistas de la plataforma en varios pa\u00edses.<\/p>\n<p><iframe loading=\"lazy\" title=\"Desorden P\u00fablico | Teaser en Espa\u00f1ol (Netflix) #DesordenP\u00fablico #SerieAdictos #trailerespa\u00f1ol\" src=\"https:\/\/www.youtube.com\/embed\/nBP2w68sSZ4\" width=\"853\" height=\"480\" frameborder=\"0\" allowfullscreen=\"allowfullscreen\"><\/iframe><\/p>\n<p>M\u00e1s all\u00e1 de su \u00e9xito en audiencias, <em>Desorden P\u00fablico<\/em> destaca por su capacidad para abordar temas sociales relevantes en un contexto de creciente polarizaci\u00f3n. Las tensiones pol\u00edticas y el impacto emocional del trabajo policial se convierten en el tel\u00f3n de fondo de una trama que atrapa desde el primer cap\u00edtulo.<\/p>\n","protected":false},"excerpt":{"rendered":"<p>El 2025 comenz\u00f3 con un estreno que promete dejar huella. Desorden P\u00fablico, una miniserie italiana disponible en Netflix, combina tensi\u00f3n,<\/p>\n","protected":false},"author":1,"featured_media":112707,"comment_status":"closed","ping_status":"closed","sticky":false,"template":"","format":"standard","meta":{"kia_subtitle":"Este thriller policiaco, cargado de intensidad y drama, ya es un \u00e9xito global.","footnotes":"","jetpack_publicize_message":"","jetpack_publicize_feature_enabled":true,"jetpack_social_post_already_shared":true,"jetpack_social_options":{"image_generator_settings":{"template":"highway","default_image_id":0,"font":"","enabled":false},"version":2}},"categories":[2600,68],"tags":[],"class_list":["post-112732","post","type-post","status-publish","format-standard","has-post-thumbnail","hentry","category-espectaculo","category-cine-y-series"],"jetpack_publicize_connections":[],"jetpack_featured_media_url":"https:\/\/laurbedigital.com.ar\/noticias\/wp-content\/uploads\/2025\/01\/20250122-Desorden-publico.jpg","_links":{"self":[{"href":"https:\/\/laurbedigital.com.ar\/noticias\/wp-json\/wp\/v2\/posts\/112732","targetHints":{"allow":["GET"]}}],"collection":[{"href":"https:\/\/laurbedigital.com.ar\/noticias\/wp-json\/wp\/v2\/posts"}],"about":[{"href":"https:\/\/laurbedigital.com.ar\/noticias\/wp-json\/wp\/v2\/types\/post"}],"author":[{"embeddable":true,"href":"https:\/\/laurbedigital.com.ar\/noticias\/wp-json\/wp\/v2\/users\/1"}],"replies":[{"embeddable":true,"href":"https:\/\/laurbedigital.com.ar\/noticias\/wp-json\/wp\/v2\/comments?post=112732"}],"version-history":[{"count":2,"href":"https:\/\/laurbedigital.com.ar\/noticias\/wp-json\/wp\/v2\/posts\/112732\/revisions"}],"predecessor-version":[{"id":112734,"href":"https:\/\/laurbedigital.com.ar\/noticias\/wp-json\/wp\/v2\/posts\/112732\/revisions\/112734"}],"wp:featuredmedia":[{"embeddable":true,"href":"https:\/\/laurbedigital.com.ar\/noticias\/wp-json\/wp\/v2\/media\/112707"}],"wp:attachment":[{"href":"https:\/\/laurbedigital.com.ar\/noticias\/wp-json\/wp\/v2\/media?parent=112732"}],"wp:term":[{"taxonomy":"category","embeddable":true,"href":"https:\/\/laurbedigital.com.ar\/noticias\/wp-json\/wp\/v2\/categories?post=112732"},{"taxonomy":"post_tag","embeddable":true,"href":"https:\/\/laurbedigital.com.ar\/noticias\/wp-json\/wp\/v2\/tags?post=112732"}],"curies":[{"name":"wp","href":"https:\/\/api.w.org\/{rel}","templated":true}]}}