{"id":112729,"date":"2025-01-21T14:08:39","date_gmt":"2025-01-21T17:08:39","guid":{"rendered":"https:\/\/laurbedigital.com.ar\/noticias\/?p=112729"},"modified":"2025-01-21T14:08:39","modified_gmt":"2025-01-21T17:08:39","slug":"un-avance-cientifico-revela-la-conexion-genetica-entre-el-autismo-y-la-epilepsia","status":"publish","type":"post","link":"https:\/\/laurbedigital.com.ar\/noticias\/2025\/01\/21\/un-avance-cientifico-revela-la-conexion-genetica-entre-el-autismo-y-la-epilepsia\/","title":{"rendered":"Un avance cient\u00edfico revela la conexi\u00f3n gen\u00e9tica entre el autismo y la epilepsia"},"content":{"rendered":"<p>Un estudio reciente, publicado en <em>Nature Molecular Psychiatry<\/em>, ha identificado una conexi\u00f3n gen\u00e9tica entre el autismo y la epilepsia. Liderado por la neurocient\u00edfica Viji Santhakumar, este hallazgo destaca el papel crucial del gen neuropilina-2 en el desarrollo de los circuitos neuronales, ofreciendo nuevas perspectivas para el tratamiento de estas condiciones.<\/p>\n<p>El gen neuropilina-2, que codifica un receptor vital para la comunicaci\u00f3n entre las c\u00e9lulas cerebrales, desempe\u00f1a un papel esencial en la migraci\u00f3n de las neuronas inhibitorias y en la formaci\u00f3n de conexiones sin\u00e1pticas en las neuronas excitatorias. Este equilibrio es fundamental para el correcto funcionamiento del cerebro.<\/p>\n<p>El estudio, financiado por el Instituto de Salud Cerebral de Rutgers y el Consejo de Nueva Jersey para los Trastornos del Espectro Autista, utiliz\u00f3 avanzadas t\u00e9cnicas conductuales y fisiol\u00f3gicas en modelos de rat\u00f3n. Los investigadores eliminaron selectivamente el gen neuropilina-2 en neuronas inhibitorias, observando un impacto significativo en la migraci\u00f3n neuronal. Esto result\u00f3 en un desequilibrio entre se\u00f1ales excitatorias e inhibitorias, desencadenando comportamientos relacionados con el autismo y un mayor riesgo de convulsiones.<\/p>\n<p>\u00abNuestros resultados muestran c\u00f3mo un solo gen puede influir en ambos sistemas del cerebro. La interrupci\u00f3n del desarrollo de los circuitos inhibitorios es suficiente para provocar la coexistencia de comportamientos asociados al autismo y la epilepsia\u00bb, explic\u00f3 Santhakumar, profesora de biolog\u00eda molecular y celular en la Universidad de California, Riverside.<\/p>\n<p>Adem\u00e1s, los investigadores se\u00f1alaron que las alteraciones en la regulaci\u00f3n inhibitoria durante etapas cr\u00edticas del desarrollo cerebral llevaron a problemas en la flexibilidad conductual y las interacciones sociales, caracter\u00edsticas comunes en personas con estas condiciones.<\/p>\n<h3><strong>Implicaciones terap\u00e9uticas<\/strong><\/h3>\n<p>Este hallazgo abre nuevas puertas en el desarrollo de terapias dirigidas. Al entender c\u00f3mo el gen neuropilina-2 afecta los circuitos neuronales, se podr\u00edan dise\u00f1ar tratamientos para mitigar los desaf\u00edos que enfrentan quienes padecen autismo y epilepsia. En particular, los investigadores destacan la importancia de intervenir durante las etapas tempranas del desarrollo, cuando la migraci\u00f3n neuronal juega un papel crucial.<\/p>\n","protected":false},"excerpt":{"rendered":"<p>Un estudio reciente, publicado en Nature Molecular Psychiatry, ha identificado una conexi\u00f3n gen\u00e9tica entre el autismo y la epilepsia. Liderado<\/p>\n","protected":false},"author":1,"featured_media":112730,"comment_status":"closed","ping_status":"closed","sticky":false,"template":"","format":"standard","meta":{"kia_subtitle":"Un solo gen podr\u00eda ser clave para comprender y tratar estas condiciones que suelen coexistir.","footnotes":"","jetpack_publicize_message":"","jetpack_publicize_feature_enabled":true,"jetpack_social_post_already_shared":true,"jetpack_social_options":{"image_generator_settings":{"template":"highway","default_image_id":0,"font":"","enabled":false},"version":2}},"categories":[15,70],"tags":[],"class_list":["post-112729","post","type-post","status-publish","format-standard","has-post-thumbnail","hentry","category-tendencias","category-salud"],"jetpack_publicize_connections":[],"jetpack_featured_media_url":"https:\/\/laurbedigital.com.ar\/noticias\/wp-content\/uploads\/2025\/01\/20250122-Autismo-Epilepsia.jpg","_links":{"self":[{"href":"https:\/\/laurbedigital.com.ar\/noticias\/wp-json\/wp\/v2\/posts\/112729","targetHints":{"allow":["GET"]}}],"collection":[{"href":"https:\/\/laurbedigital.com.ar\/noticias\/wp-json\/wp\/v2\/posts"}],"about":[{"href":"https:\/\/laurbedigital.com.ar\/noticias\/wp-json\/wp\/v2\/types\/post"}],"author":[{"embeddable":true,"href":"https:\/\/laurbedigital.com.ar\/noticias\/wp-json\/wp\/v2\/users\/1"}],"replies":[{"embeddable":true,"href":"https:\/\/laurbedigital.com.ar\/noticias\/wp-json\/wp\/v2\/comments?post=112729"}],"version-history":[{"count":1,"href":"https:\/\/laurbedigital.com.ar\/noticias\/wp-json\/wp\/v2\/posts\/112729\/revisions"}],"predecessor-version":[{"id":112731,"href":"https:\/\/laurbedigital.com.ar\/noticias\/wp-json\/wp\/v2\/posts\/112729\/revisions\/112731"}],"wp:featuredmedia":[{"embeddable":true,"href":"https:\/\/laurbedigital.com.ar\/noticias\/wp-json\/wp\/v2\/media\/112730"}],"wp:attachment":[{"href":"https:\/\/laurbedigital.com.ar\/noticias\/wp-json\/wp\/v2\/media?parent=112729"}],"wp:term":[{"taxonomy":"category","embeddable":true,"href":"https:\/\/laurbedigital.com.ar\/noticias\/wp-json\/wp\/v2\/categories?post=112729"},{"taxonomy":"post_tag","embeddable":true,"href":"https:\/\/laurbedigital.com.ar\/noticias\/wp-json\/wp\/v2\/tags?post=112729"}],"curies":[{"name":"wp","href":"https:\/\/api.w.org\/{rel}","templated":true}]}}