{"id":112657,"date":"2025-01-19T12:44:35","date_gmt":"2025-01-19T15:44:35","guid":{"rendered":"https:\/\/laurbedigital.com.ar\/noticias\/?p=112657"},"modified":"2025-01-19T12:44:35","modified_gmt":"2025-01-19T15:44:35","slug":"consumo-de-carne-en-caida-el-nivel-mas-bajo-en-mas-de-un-siglo","status":"publish","type":"post","link":"https:\/\/laurbedigital.com.ar\/noticias\/2025\/01\/19\/consumo-de-carne-en-caida-el-nivel-mas-bajo-en-mas-de-un-siglo\/","title":{"rendered":"Consumo de carne en ca\u00edda: el nivel m\u00e1s bajo en m\u00e1s de un siglo"},"content":{"rendered":"<p>En un contexto econ\u00f3mico marcado por la ca\u00edda de los ingresos de las familias, el consumo de carne per c\u00e1pita se ubic\u00f3 en 47,7 kilos al a\u00f1o. Este registro, 9% inferior al de 2023, solo encuentra un antecedente similar en 1920, cuando alcanz\u00f3 46,9 kilos.<\/p>\n<h3><strong>El impacto econ\u00f3mico y social<\/strong><\/h3>\n<p>Seg\u00fan el informe, el consumo interno de carne vacuna se redujo en t\u00e9rminos absolutos a 2,24 millones de toneladas de res con hueso (tn r\/c\/h), una baja de casi 194 mil toneladas respecto al a\u00f1o anterior. Este descenso no solo refleja un debilitamiento del poder adquisitivo, sino tambi\u00e9n un cambio profundo en los h\u00e1bitos de consumo, resultado de la crisis econ\u00f3mica actual.<\/p>\n<p>Hist\u00f3ricamente, un nivel tan bajo de consumo de carne remonta a inicios del siglo XX, cuando la econom\u00eda argentina depend\u00eda casi exclusivamente de Gran Breta\u00f1a. En ese per\u00edodo, las grandes oligarqu\u00edas se consolidaron, mientras las mayor\u00edas enfrentaban carencias y derechos sociales inexistentes. Hoy, el panorama guarda ciertas similitudes, con una econom\u00eda ajustada y una poblaci\u00f3n luchando por cubrir necesidades b\u00e1sicas.<\/p>\n<h3><strong>Exportaciones r\u00e9cord frente a un consumo interno reducido<\/strong><\/h3>\n<p>En paralelo a esta ca\u00edda en el consumo interno, la industria frigor\u00edfica alcanz\u00f3 un r\u00e9cord en exportaciones, con 936,1 mil toneladas enviadas al exterior, un incremento del 9,8% respecto a 2023. Esta tendencia resalta un desbalance: mientras los frigor\u00edficos buscan maximizar ganancias en mercados internacionales, la oferta local se reduce y los precios internos permanecen elevados.<\/p>\n<p>La producci\u00f3n total de carne vacuna en 2024 fue de 3,177 millones de toneladas, con una contracci\u00f3n del 3,4% en comparaci\u00f3n con el a\u00f1o previo. Aunque la faena disminuy\u00f3, el mayor peso promedio en gancho ayud\u00f3 a mitigar parcialmente esta ca\u00edda.<\/p>\n<h3><strong>Reflexi\u00f3n final<\/strong><\/h3>\n<p>La crisis del consumo de carne en Argentina expone desigualdades estructurales y una econom\u00eda en tensi\u00f3n. Mientras el mercado externo florece, el consumo interno refleja una situaci\u00f3n cr\u00edtica que afecta no solo a los sectores m\u00e1s vulnerables, sino tambi\u00e9n a la identidad cultural de un pa\u00eds hist\u00f3ricamente asociado a la carne. Sin cambios estructurales, este declive podr\u00eda profundizarse, dejando cicatrices dif\u00edciles de sanar en el tejido social argentino.<\/p>\n","protected":false},"excerpt":{"rendered":"<p>En un contexto econ\u00f3mico marcado por la ca\u00edda de los ingresos de las familias, el consumo de carne per c\u00e1pita<\/p>\n","protected":false},"author":1,"featured_media":110718,"comment_status":"closed","ping_status":"closed","sticky":false,"template":"","format":"standard","meta":{"kia_subtitle":"Un informe reciente de la C\u00e1mara de la Industria y Comercio de Carnes y Derivados (Ciccra) expone un hecho alarmante: el consumo de carne en Argentina cay\u00f3 un 10% en 2024, alcanzando el segundo nivel m\u00e1s bajo desde 1914.","footnotes":"","jetpack_publicize_message":"","jetpack_publicize_feature_enabled":true,"jetpack_social_post_already_shared":true,"jetpack_social_options":{"image_generator_settings":{"template":"highway","default_image_id":0,"font":"","enabled":false},"version":2}},"categories":[3,41],"tags":[],"class_list":["post-112657","post","type-post","status-publish","format-standard","has-post-thumbnail","hentry","category-actualidad","category-nacionales"],"jetpack_publicize_connections":[],"jetpack_featured_media_url":"https:\/\/laurbedigital.com.ar\/noticias\/wp-content\/uploads\/2024\/11\/20241106-Carne-Cortes.jpg","_links":{"self":[{"href":"https:\/\/laurbedigital.com.ar\/noticias\/wp-json\/wp\/v2\/posts\/112657","targetHints":{"allow":["GET"]}}],"collection":[{"href":"https:\/\/laurbedigital.com.ar\/noticias\/wp-json\/wp\/v2\/posts"}],"about":[{"href":"https:\/\/laurbedigital.com.ar\/noticias\/wp-json\/wp\/v2\/types\/post"}],"author":[{"embeddable":true,"href":"https:\/\/laurbedigital.com.ar\/noticias\/wp-json\/wp\/v2\/users\/1"}],"replies":[{"embeddable":true,"href":"https:\/\/laurbedigital.com.ar\/noticias\/wp-json\/wp\/v2\/comments?post=112657"}],"version-history":[{"count":2,"href":"https:\/\/laurbedigital.com.ar\/noticias\/wp-json\/wp\/v2\/posts\/112657\/revisions"}],"predecessor-version":[{"id":112659,"href":"https:\/\/laurbedigital.com.ar\/noticias\/wp-json\/wp\/v2\/posts\/112657\/revisions\/112659"}],"wp:featuredmedia":[{"embeddable":true,"href":"https:\/\/laurbedigital.com.ar\/noticias\/wp-json\/wp\/v2\/media\/110718"}],"wp:attachment":[{"href":"https:\/\/laurbedigital.com.ar\/noticias\/wp-json\/wp\/v2\/media?parent=112657"}],"wp:term":[{"taxonomy":"category","embeddable":true,"href":"https:\/\/laurbedigital.com.ar\/noticias\/wp-json\/wp\/v2\/categories?post=112657"},{"taxonomy":"post_tag","embeddable":true,"href":"https:\/\/laurbedigital.com.ar\/noticias\/wp-json\/wp\/v2\/tags?post=112657"}],"curies":[{"name":"wp","href":"https:\/\/api.w.org\/{rel}","templated":true}]}}