{"id":112651,"date":"2025-01-19T12:27:05","date_gmt":"2025-01-19T15:27:05","guid":{"rendered":"https:\/\/laurbedigital.com.ar\/noticias\/?p=112651"},"modified":"2025-01-19T12:27:05","modified_gmt":"2025-01-19T15:27:05","slug":"el-fenomeno-de-la-colina-de-los-perros-la-serie-polaca-que-conquista-netflix","status":"publish","type":"post","link":"https:\/\/laurbedigital.com.ar\/noticias\/2025\/01\/19\/el-fenomeno-de-la-colina-de-los-perros-la-serie-polaca-que-conquista-netflix\/","title":{"rendered":"El fen\u00f3meno de \u00abLa colina de los perros\u00bb: la serie polaca que conquista Netflix"},"content":{"rendered":"<p>Netflix vuelve a sorprender con una propuesta \u00fanica en su cat\u00e1logo: <em>La colina de los perros<\/em>, una miniserie polaca basada en la novela hom\u00f3nima de Jakub \u017bulczyk. Dirigida por Piotr Domalewski y compuesta por cinco episodios, esta producci\u00f3n ha capturado la atenci\u00f3n de los espectadores por su intrigante trama y su profunda exploraci\u00f3n de temas como corrupci\u00f3n, \u00e9tica y traumas del pasado.<\/p>\n<p>La historia gira en torno a Miko\u0142aj Gowacki, un escritor reconocido que regresa a Zybork, su pueblo natal, tras a\u00f1os de ausencia. Sin embargo, este retorno no es casual: un chantaje relacionado con su novela m\u00e1s famosa \u2014basada en un asesinato real ocurrido hace dos d\u00e9cadas\u2014 lo obliga a enfrentar viejos secretos. A medida que la trama avanza, Gowacki se encuentra atrapado en un torbellino de tensiones familiares, conspiraciones y decisiones que marcar\u00e1n su vida.<\/p>\n<p>Adem\u00e1s de su cautivador argumento, uno de los puntos m\u00e1s destacados de <em>La colina de los perros<\/em> es su ambientaci\u00f3n. El ficticio pueblo de Zybork, con paisajes desolados y cargados de simbolismo, refuerza la atm\u00f3sfera de misterio y la oscuridad emocional que rodea a los personajes. Este aspecto visual, cuidadosamente trabajado, eleva la narrativa y sumerge al espectador en un universo inquietante y reflexivo.<\/p>\n<p>El reparto de la serie tambi\u00e9n ha sido clave en su \u00e9xito. Encabezado por Mateusz Ko\u015bciukiewicz en el papel de Gowacki, cuenta con la participaci\u00f3n de actores como Robert Wi\u0119ckiewicz, Jasmina Polak y Helena Sujecka, quienes aportan profundidad y autenticidad a cada personaje.<\/p>\n<p><iframe loading=\"lazy\" title=\"LA COLINA DE LOS PERROS Trailer SUBTITULADO [HD] Netflix\" src=\"https:\/\/www.youtube.com\/embed\/WyIKCDylRCQ\" width=\"749\" height=\"421\" frameborder=\"0\" allowfullscreen=\"allowfullscreen\"><\/iframe><br \/>\nEn palabras de la sinopsis oficial de Netflix: \u201cUn exitoso y aclamado novelista \u2014asediado por un trauma y un misterioso chantaje\u2014 regresa a su tierra natal para saldar las cuentas pendientes con su pasado\u201d. Con esta premisa, <em>La colina de los perros<\/em> ha logrado conquistar tanto a los amantes del thriller como a aquellos interesados en historias que exploran la complejidad de las relaciones humanas y las consecuencias de nuestras decisiones.<\/p>\n<p>Si busc\u00e1s una serie que te mantenga al borde del asiento mientras reflexion\u00e1s sobre los l\u00edmites de la \u00e9tica y la verdad, <em>La colina de los perros<\/em> es una opci\u00f3n que no pod\u00e9s dejar pasar. \u00a1Ya disponible en Netflix!<\/p>\n","protected":false},"excerpt":{"rendered":"<p>Netflix vuelve a sorprender con una propuesta \u00fanica en su cat\u00e1logo: La colina de los perros, una miniserie polaca basada<\/p>\n","protected":false},"author":1,"featured_media":112652,"comment_status":"closed","ping_status":"closed","sticky":false,"template":"","format":"standard","meta":{"kia_subtitle":"Con una narrativa atrapante, esta miniserie combina thriller, drama y misterio para explorar los oscuros secretos de un crimen ocurrido hace 20 a\u00f1os.","footnotes":"","jetpack_publicize_message":"","jetpack_publicize_feature_enabled":true,"jetpack_social_post_already_shared":true,"jetpack_social_options":{"image_generator_settings":{"template":"highway","default_image_id":0,"font":"","enabled":false},"version":2}},"categories":[2600,68],"tags":[],"class_list":["post-112651","post","type-post","status-publish","format-standard","has-post-thumbnail","hentry","category-espectaculo","category-cine-y-series"],"jetpack_publicize_connections":[],"jetpack_featured_media_url":"https:\/\/laurbedigital.com.ar\/noticias\/wp-content\/uploads\/2025\/01\/20250120-La-colina-de-los-perros.jpg","_links":{"self":[{"href":"https:\/\/laurbedigital.com.ar\/noticias\/wp-json\/wp\/v2\/posts\/112651","targetHints":{"allow":["GET"]}}],"collection":[{"href":"https:\/\/laurbedigital.com.ar\/noticias\/wp-json\/wp\/v2\/posts"}],"about":[{"href":"https:\/\/laurbedigital.com.ar\/noticias\/wp-json\/wp\/v2\/types\/post"}],"author":[{"embeddable":true,"href":"https:\/\/laurbedigital.com.ar\/noticias\/wp-json\/wp\/v2\/users\/1"}],"replies":[{"embeddable":true,"href":"https:\/\/laurbedigital.com.ar\/noticias\/wp-json\/wp\/v2\/comments?post=112651"}],"version-history":[{"count":1,"href":"https:\/\/laurbedigital.com.ar\/noticias\/wp-json\/wp\/v2\/posts\/112651\/revisions"}],"predecessor-version":[{"id":112653,"href":"https:\/\/laurbedigital.com.ar\/noticias\/wp-json\/wp\/v2\/posts\/112651\/revisions\/112653"}],"wp:featuredmedia":[{"embeddable":true,"href":"https:\/\/laurbedigital.com.ar\/noticias\/wp-json\/wp\/v2\/media\/112652"}],"wp:attachment":[{"href":"https:\/\/laurbedigital.com.ar\/noticias\/wp-json\/wp\/v2\/media?parent=112651"}],"wp:term":[{"taxonomy":"category","embeddable":true,"href":"https:\/\/laurbedigital.com.ar\/noticias\/wp-json\/wp\/v2\/categories?post=112651"},{"taxonomy":"post_tag","embeddable":true,"href":"https:\/\/laurbedigital.com.ar\/noticias\/wp-json\/wp\/v2\/tags?post=112651"}],"curies":[{"name":"wp","href":"https:\/\/api.w.org\/{rel}","templated":true}]}}