{"id":112646,"date":"2025-01-19T12:17:02","date_gmt":"2025-01-19T15:17:02","guid":{"rendered":"https:\/\/laurbedigital.com.ar\/noticias\/?p=112646"},"modified":"2025-01-19T13:15:22","modified_gmt":"2025-01-19T16:15:22","slug":"parques-nacionales-entre-las-llamas-del-abandono-y-el-ajuste","status":"publish","type":"post","link":"https:\/\/laurbedigital.com.ar\/noticias\/2025\/01\/19\/parques-nacionales-entre-las-llamas-del-abandono-y-el-ajuste\/","title":{"rendered":"Parques Nacionales: entre las llamas del abandono y el ajuste"},"content":{"rendered":"<p>En medio de los incendios forestales en la Patagonia, trabajadores de los parques denuncian precarizaci\u00f3n laboral. Sin contratos firmados, brigadistas arriesgan sus vidas combatiendo el fuego. La reciente firma de contratos trimestrales no alivia la preocupaci\u00f3n, pues 130 empleados fueron despedidos en 2024, y se anticipa que las bajas podr\u00edan alcanzar las 600.<\/p>\n<p>El incremento de tarifas tambi\u00e9n refleja un cambio de paradigma. En parques como Iguaz\u00fa y Los Glaciares, las entradas pasaron de 2.500 a 15.000 pesos en menos de un a\u00f1o, y \u00e1reas de acampe gratuitas ahora son aranceladas. Este enfoque, basado en atraer inversiones privadas, deja de lado el acceso inclusivo y la conservaci\u00f3n sostenible.<\/p>\n<p>La reducci\u00f3n de personal t\u00e9cnico y cient\u00edfico agrava la situaci\u00f3n. Natalia Duarte, delegada en el Parque Iguaz\u00fa, advierte que la falta de especialistas pone en peligro estudios clave para el manejo criterioso de los recursos. Por su parte, Cristian Larsen, presidente de Parques Nacionales, declar\u00f3 que busca reorientar el personal hacia roles m\u00e1s operativos, dejando a los parques sin el respaldo t\u00e9cnico necesario para su funcionamiento.<\/p>\n<p>Los despidos tambi\u00e9n afectan a quienes cuestionan estas pol\u00edticas. Andrea Torres, trabajadora en el Parque Los Glaciares, denunci\u00f3 que fue desvinculada por expresar su desacuerdo con la mercantilizaci\u00f3n de las \u00e1reas protegidas. Situaciones similares se replican en otros parques, donde los trabajadores enfrentan violencia laboral y subejecuci\u00f3n presupuestaria.<\/p>\n<p>El \u00e1rea de Ciencia y T\u00e9cnica, creada para fortalecer la aplicaci\u00f3n de pol\u00edticas ambientales, tambi\u00e9n est\u00e1 en riesgo. Larsen anunci\u00f3 la intenci\u00f3n de eliminar este agrupamiento, argumentando superposici\u00f3n de funciones con otros organismos. Para los especialistas, este recorte debilitar\u00eda la capacidad operativa y cient\u00edfica de los parques.<\/p>\n<p>La situaci\u00f3n en los parques nacionales no solo afecta a los trabajadores, sino tambi\u00e9n al patrimonio natural y cultural del pa\u00eds. La conservaci\u00f3n, el turismo sostenible y el acceso equitativo est\u00e1n en peligro si se prioriza el ajuste por sobre la preservaci\u00f3n. Sin un cambio de rumbo, los parques podr\u00edan perder su esencia y convertirse en simples negocios tur\u00edsticos.<\/p>\n","protected":false},"excerpt":{"rendered":"<p>En medio de los incendios forestales en la Patagonia, trabajadores de los parques denuncian precarizaci\u00f3n laboral. Sin contratos firmados, brigadistas<\/p>\n","protected":false},"author":1,"featured_media":112647,"comment_status":"closed","ping_status":"closed","sticky":false,"template":"","format":"standard","meta":{"kia_subtitle":"Despidos masivos, contratos temporales y un enfoque mercantil preocupan en el manejo de los parques nacionales.","footnotes":"","jetpack_publicize_message":"","jetpack_publicize_feature_enabled":true,"jetpack_social_post_already_shared":true,"jetpack_social_options":{"image_generator_settings":{"template":"highway","default_image_id":0,"font":"","enabled":false},"version":2}},"categories":[3,41],"tags":[],"class_list":["post-112646","post","type-post","status-publish","format-standard","has-post-thumbnail","hentry","category-actualidad","category-nacionales"],"jetpack_publicize_connections":[],"jetpack_featured_media_url":"https:\/\/laurbedigital.com.ar\/noticias\/wp-content\/uploads\/2025\/01\/20250120-Parques-incendios.jpg","_links":{"self":[{"href":"https:\/\/laurbedigital.com.ar\/noticias\/wp-json\/wp\/v2\/posts\/112646","targetHints":{"allow":["GET"]}}],"collection":[{"href":"https:\/\/laurbedigital.com.ar\/noticias\/wp-json\/wp\/v2\/posts"}],"about":[{"href":"https:\/\/laurbedigital.com.ar\/noticias\/wp-json\/wp\/v2\/types\/post"}],"author":[{"embeddable":true,"href":"https:\/\/laurbedigital.com.ar\/noticias\/wp-json\/wp\/v2\/users\/1"}],"replies":[{"embeddable":true,"href":"https:\/\/laurbedigital.com.ar\/noticias\/wp-json\/wp\/v2\/comments?post=112646"}],"version-history":[{"count":1,"href":"https:\/\/laurbedigital.com.ar\/noticias\/wp-json\/wp\/v2\/posts\/112646\/revisions"}],"predecessor-version":[{"id":112648,"href":"https:\/\/laurbedigital.com.ar\/noticias\/wp-json\/wp\/v2\/posts\/112646\/revisions\/112648"}],"wp:featuredmedia":[{"embeddable":true,"href":"https:\/\/laurbedigital.com.ar\/noticias\/wp-json\/wp\/v2\/media\/112647"}],"wp:attachment":[{"href":"https:\/\/laurbedigital.com.ar\/noticias\/wp-json\/wp\/v2\/media?parent=112646"}],"wp:term":[{"taxonomy":"category","embeddable":true,"href":"https:\/\/laurbedigital.com.ar\/noticias\/wp-json\/wp\/v2\/categories?post=112646"},{"taxonomy":"post_tag","embeddable":true,"href":"https:\/\/laurbedigital.com.ar\/noticias\/wp-json\/wp\/v2\/tags?post=112646"}],"curies":[{"name":"wp","href":"https:\/\/api.w.org\/{rel}","templated":true}]}}