{"id":112644,"date":"2025-01-19T12:07:07","date_gmt":"2025-01-19T15:07:07","guid":{"rendered":"https:\/\/laurbedigital.com.ar\/noticias\/?p=112644"},"modified":"2025-01-19T12:07:07","modified_gmt":"2025-01-19T15:07:07","slug":"hoy-el-empleo-enfrenta-bajos-salarios-y-mayor-desigualdad-en-argentina","status":"publish","type":"post","link":"https:\/\/laurbedigital.com.ar\/noticias\/2025\/01\/19\/hoy-el-empleo-enfrenta-bajos-salarios-y-mayor-desigualdad-en-argentina\/","title":{"rendered":"Hoy, el empleo enfrenta bajos salarios y mayor desigualdad en Argentina"},"content":{"rendered":"<p>El mercado laboral argentino atraviesa una situaci\u00f3n cr\u00edtica seg\u00fan el informe del Centro de Investigaci\u00f3n y Formaci\u00f3n (CIFRA) de la Central de los Trabajadores de Argentina (CTA). A un a\u00f1o del inicio de la gesti\u00f3n de Javier Milei, el empleo formal disminuy\u00f3, los salarios reales se deterioraron y la desigualdad se ampli\u00f3, impactando especialmente a los sectores m\u00e1s vulnerables.<\/p>\n<p>El informe detalla una p\u00e9rdida de 187.000 empleos asalariados formales entre noviembre de 2023 y octubre de 2024. De estos, 124.000 corresponden al sector privado y 43.000 al p\u00fablico. La tasa de desocupaci\u00f3n tambi\u00e9n aument\u00f3, pasando del 5,7% al 6,9% en un a\u00f1o, lo que equivale a aproximadamente 1,6 millones de personas desempleadas. Aunque hubo una leve recuperaci\u00f3n tras el pico de desocupaci\u00f3n en el primer trimestre de 2024, esta no ha sido suficiente para revertir la situaci\u00f3n.<\/p>\n<p>Los sectores m\u00e1s afectados incluyen la construcci\u00f3n, golpeada por la suspensi\u00f3n de obras p\u00fablicas, la industria manufacturera y el empleo estatal. Seg\u00fan el CIFRA, la recesi\u00f3n econ\u00f3mica ha impactado principalmente al mercado interno, que a\u00fan no muestra se\u00f1ales de expansi\u00f3n.<\/p>\n<p>En cuanto a los salarios, el informe resalta una mejora tenue en los \u00faltimos meses que no logra consolidarse. Los ingresos promedio siguen un 23% por debajo de su m\u00e1ximo en noviembre de 2015, y los salarios p\u00fablicos han ca\u00eddo un 15% en comparaci\u00f3n con noviembre de 2023. Los trabajadores informales son los m\u00e1s perjudicados, con un poder adquisitivo un 10% menor que el a\u00f1o anterior.<\/p>\n<p>El Salario M\u00ednimo Vital y M\u00f3vil y las jubilaciones tambi\u00e9n han sido utilizadas como variables de ajuste, reduciendo su participaci\u00f3n en la distribuci\u00f3n del ingreso. En el primer semestre de 2024, los salarios representaron apenas el 44% del Valor Agregado Total, frente al 46,6% del a\u00f1o anterior.<\/p>\n<p>A pesar del incremento en el poder adquisitivo de la Asignaci\u00f3n Universal por Hijo (AUH), que casi se duplic\u00f3 en un a\u00f1o, las medidas implementadas hasta ahora no han logrado contrarrestar los efectos de la recesi\u00f3n, la p\u00e9rdida salarial y el aumento de la desigualdad.<\/p>\n<p>El panorama laboral argentino exige respuestas urgentes y efectivas para revertir las tendencias negativas y garantizar mejores condiciones para los trabajadores.<\/p>\n","protected":false},"excerpt":{"rendered":"<p>El mercado laboral argentino atraviesa una situaci\u00f3n cr\u00edtica seg\u00fan el informe del Centro de Investigaci\u00f3n y Formaci\u00f3n (CIFRA) de la<\/p>\n","protected":false},"author":1,"featured_media":11688,"comment_status":"closed","ping_status":"closed","sticky":false,"template":"","format":"standard","meta":{"kia_subtitle":"Un informe del CIFRA-CTA revela un panorama laboral alarmante tras un a\u00f1o de gesti\u00f3n del presidente Javier Milei, marcado por fluctuaciones en el empleo, ca\u00eddas salariales y crecientes disparidades entre los trabajadores.","footnotes":"","jetpack_publicize_message":"","jetpack_publicize_feature_enabled":true,"jetpack_social_post_already_shared":true,"jetpack_social_options":{"image_generator_settings":{"template":"highway","default_image_id":0,"font":"","enabled":false},"version":2}},"categories":[3,41],"tags":[],"class_list":["post-112644","post","type-post","status-publish","format-standard","has-post-thumbnail","hentry","category-actualidad","category-nacionales"],"jetpack_publicize_connections":[],"jetpack_featured_media_url":"https:\/\/laurbedigital.com.ar\/noticias\/wp-content\/uploads\/2018\/02\/20180216-nac1.jpg","_links":{"self":[{"href":"https:\/\/laurbedigital.com.ar\/noticias\/wp-json\/wp\/v2\/posts\/112644","targetHints":{"allow":["GET"]}}],"collection":[{"href":"https:\/\/laurbedigital.com.ar\/noticias\/wp-json\/wp\/v2\/posts"}],"about":[{"href":"https:\/\/laurbedigital.com.ar\/noticias\/wp-json\/wp\/v2\/types\/post"}],"author":[{"embeddable":true,"href":"https:\/\/laurbedigital.com.ar\/noticias\/wp-json\/wp\/v2\/users\/1"}],"replies":[{"embeddable":true,"href":"https:\/\/laurbedigital.com.ar\/noticias\/wp-json\/wp\/v2\/comments?post=112644"}],"version-history":[{"count":1,"href":"https:\/\/laurbedigital.com.ar\/noticias\/wp-json\/wp\/v2\/posts\/112644\/revisions"}],"predecessor-version":[{"id":112645,"href":"https:\/\/laurbedigital.com.ar\/noticias\/wp-json\/wp\/v2\/posts\/112644\/revisions\/112645"}],"wp:featuredmedia":[{"embeddable":true,"href":"https:\/\/laurbedigital.com.ar\/noticias\/wp-json\/wp\/v2\/media\/11688"}],"wp:attachment":[{"href":"https:\/\/laurbedigital.com.ar\/noticias\/wp-json\/wp\/v2\/media?parent=112644"}],"wp:term":[{"taxonomy":"category","embeddable":true,"href":"https:\/\/laurbedigital.com.ar\/noticias\/wp-json\/wp\/v2\/categories?post=112644"},{"taxonomy":"post_tag","embeddable":true,"href":"https:\/\/laurbedigital.com.ar\/noticias\/wp-json\/wp\/v2\/tags?post=112644"}],"curies":[{"name":"wp","href":"https:\/\/api.w.org\/{rel}","templated":true}]}}