{"id":112598,"date":"2025-01-17T20:26:55","date_gmt":"2025-01-17T23:26:55","guid":{"rendered":"https:\/\/laurbedigital.com.ar\/noticias\/?p=112598"},"modified":"2025-01-17T20:33:32","modified_gmt":"2025-01-17T23:33:32","slug":"anmat-advierte-por-que-no-combinar-protector-solar-y-repelente","status":"publish","type":"post","link":"https:\/\/laurbedigital.com.ar\/noticias\/2025\/01\/17\/anmat-advierte-por-que-no-combinar-protector-solar-y-repelente\/","title":{"rendered":"ANMAT advierte: por qu\u00e9 no combinar protector solar y repelente"},"content":{"rendered":"<p>Con la llegada del verano, el uso de protector solar y repelente de insectos se vuelve imprescindible para protegerse de los rayos UV y las picaduras. Sin embargo, la ANMAT emiti\u00f3 una advertencia importante: aplicar estos productos de manera conjunta puede comprometer su seguridad y eficacia.<\/p>\n<p>La aplicaci\u00f3n simult\u00e1nea de protector solar y repelente de insectos puede generar problemas inesperados. Por un lado, se reduce el factor de protecci\u00f3n solar, disminuyendo la capacidad del producto de prevenir da\u00f1os por la radiaci\u00f3n ultravioleta. Por otro, la combinaci\u00f3n de sus principios activos podr\u00eda aumentar la absorci\u00f3n de qu\u00edmicos en la piel, lo que puede derivar en irritaciones u otros efectos adversos.<\/p>\n<p><strong>Para evitar estos riesgos, el organismo establece un protocolo claro:<\/strong><\/p>\n<ol>\n<li><strong>Aplicar primero el protector solar<\/strong>: Este debe extenderse de manera generosa y uniforme sobre todas las \u00e1reas de piel expuesta.<\/li>\n<li><strong>Esperar entre 20 y 30 minutos<\/strong>: Este tiempo permite que el protector se absorba completamente, asegurando su acci\u00f3n adecuada.<\/li>\n<li><strong>Colocar el repelente despu\u00e9s<\/strong>: Una vez que el protector se haya fijado, se puede aplicar el repelente, cuidando de no interferir con la capa protectora ya establecida.<\/li>\n<\/ol>\n<p>Es fundamental que ambos productos est\u00e9n aprobados por la ANMAT para garantizar su seguridad y eficacia en uso humano.<\/p>\n<p><strong>Efectos combinados y posibles riesgos:<\/strong><\/p>\n<p>El informe detalla que ciertos repelentes, especialmente los que contienen DEET (dietiltoluamida), pueden interactuar con los filtros solares y alterar sus propiedades qu\u00edmicas. Adem\u00e1s, esta interacci\u00f3n puede hacer que los ingredientes activos del repelente penetren en capas m\u00e1s profundas de la piel, aumentando el riesgo de toxicidad.<\/p>\n<p>Si bien ambos productos son esenciales para disfrutar del verano de forma segura, es importante usarlos siguiendo las recomendaciones de los expertos. La aplicaci\u00f3n correcta, primero del protector solar y luego del repelente, no solo asegura una protecci\u00f3n efectiva contra los rayos UV y las picaduras, sino que tambi\u00e9n minimiza posibles efectos adversos en la piel.<\/p>\n","protected":false},"excerpt":{"rendered":"<p>Con la llegada del verano, el uso de protector solar y repelente de insectos se vuelve imprescindible para protegerse de<\/p>\n","protected":false},"author":1,"featured_media":112584,"comment_status":"closed","ping_status":"closed","sticky":false,"template":"","format":"standard","meta":{"kia_subtitle":"La Administraci\u00f3n Nacional de Medicamentos, Alimentos y Tecnolog\u00eda M\u00e9dica (ANMAT) recomienda no usar estos productos al mismo tiempo, ya que su combinaci\u00f3n puede reducir su eficacia y generar efectos adversos.","footnotes":"","jetpack_publicize_message":"","jetpack_publicize_feature_enabled":true,"jetpack_social_post_already_shared":true,"jetpack_social_options":{"image_generator_settings":{"template":"highway","default_image_id":0,"font":"","enabled":false},"version":2}},"categories":[3,15],"tags":[],"class_list":["post-112598","post","type-post","status-publish","format-standard","has-post-thumbnail","hentry","category-actualidad","category-tendencias"],"jetpack_publicize_connections":[],"jetpack_featured_media_url":"https:\/\/laurbedigital.com.ar\/noticias\/wp-content\/uploads\/2025\/01\/20250118-Repelente.jpg","_links":{"self":[{"href":"https:\/\/laurbedigital.com.ar\/noticias\/wp-json\/wp\/v2\/posts\/112598","targetHints":{"allow":["GET"]}}],"collection":[{"href":"https:\/\/laurbedigital.com.ar\/noticias\/wp-json\/wp\/v2\/posts"}],"about":[{"href":"https:\/\/laurbedigital.com.ar\/noticias\/wp-json\/wp\/v2\/types\/post"}],"author":[{"embeddable":true,"href":"https:\/\/laurbedigital.com.ar\/noticias\/wp-json\/wp\/v2\/users\/1"}],"replies":[{"embeddable":true,"href":"https:\/\/laurbedigital.com.ar\/noticias\/wp-json\/wp\/v2\/comments?post=112598"}],"version-history":[{"count":3,"href":"https:\/\/laurbedigital.com.ar\/noticias\/wp-json\/wp\/v2\/posts\/112598\/revisions"}],"predecessor-version":[{"id":112601,"href":"https:\/\/laurbedigital.com.ar\/noticias\/wp-json\/wp\/v2\/posts\/112598\/revisions\/112601"}],"wp:featuredmedia":[{"embeddable":true,"href":"https:\/\/laurbedigital.com.ar\/noticias\/wp-json\/wp\/v2\/media\/112584"}],"wp:attachment":[{"href":"https:\/\/laurbedigital.com.ar\/noticias\/wp-json\/wp\/v2\/media?parent=112598"}],"wp:term":[{"taxonomy":"category","embeddable":true,"href":"https:\/\/laurbedigital.com.ar\/noticias\/wp-json\/wp\/v2\/categories?post=112598"},{"taxonomy":"post_tag","embeddable":true,"href":"https:\/\/laurbedigital.com.ar\/noticias\/wp-json\/wp\/v2\/tags?post=112598"}],"curies":[{"name":"wp","href":"https:\/\/api.w.org\/{rel}","templated":true}]}}