{"id":112558,"date":"2025-01-16T22:37:37","date_gmt":"2025-01-17T01:37:37","guid":{"rendered":"https:\/\/laurbedigital.com.ar\/noticias\/?p=112558"},"modified":"2025-01-16T22:37:37","modified_gmt":"2025-01-17T01:37:37","slug":"la-historia-detras-de-el-rastro-la-serie-que-conquista-netflix","status":"publish","type":"post","link":"https:\/\/laurbedigital.com.ar\/noticias\/2025\/01\/16\/la-historia-detras-de-el-rastro-la-serie-que-conquista-netflix\/","title":{"rendered":"La historia detr\u00e1s de \u00abEl rastro\u00bb, la serie que conquista Netflix"},"content":{"rendered":"<p>La serie se ha convertido en un fen\u00f3meno global desde su estreno en Netflix, capturando la atenci\u00f3n de millones con su narrativa atrapante y sus giros inesperados. Lo que muchos desconocen es que esta producci\u00f3n est\u00e1 basada en un caso real que estremeci\u00f3 a la ciudad de Link\u00f6ping, Suecia, en 2004.<\/p>\n<p>La tragedia comenz\u00f3 un 19 de octubre cuando Adnan Abbas, un ni\u00f1o de ocho a\u00f1os de origen liban\u00e9s, fue atacado brutalmente mientras caminaba hacia la escuela. Gunilla Svensson, una profesora que ense\u00f1aba sueco a inmigrantes, intent\u00f3 intervenir para salvar al peque\u00f1o, pero tambi\u00e9n fue asesinada. El atacante, armado con un cuchillo, huy\u00f3 dejando a la comunidad aterrorizada y a la polic\u00eda con pocas pistas, excepto por un rastro de ADN.<\/p>\n<h3><strong>Una obsesi\u00f3n que cambi\u00f3 vidas<\/strong><\/h3>\n<p>El detective John Sundin, protagonista de la serie, se inspir\u00f3 en los verdaderos investigadores que dedicaron a\u00f1os a resolver el caso. En la ficci\u00f3n, Sundin sacrifica su vida personal por la investigaci\u00f3n, perdiendo su matrimonio y la relaci\u00f3n con su hijo. Este retrato refleja la presi\u00f3n a la que se enfrentaron los detectives en la vida real, quienes, a pesar de contar con pruebas de ADN, no lograban identificar al culpable.<\/p>\n<p>Mientras la familia Abbas abandonaba la ciudad incapaz de superar el trauma, el caso se volv\u00eda fr\u00edo. Sin embargo, la tecnolog\u00eda dio un giro inesperado a los eventos.<\/p>\n<p><iframe loading=\"lazy\" title=\"EL RASTRO Trailer SUBTITULADO \/ The Breakthrough Trailer SUBTITULADO [HD] Netflix\" src=\"https:\/\/www.youtube.com\/embed\/CoverRHETsk\" width=\"853\" height=\"480\" frameborder=\"0\" allowfullscreen=\"allowfullscreen\"><\/iframe><\/p>\n<h3><strong>La genealog\u00eda forense como clave del caso<\/strong><\/h3>\n<p>En 2020, luego de 16 a\u00f1os sin respuestas, las autoridades recurrieron a Per Skogkvist, un genealogista experto en rastreo de familiares mediante an\u00e1lisis gen\u00e9ticos. En la serie, esta t\u00e9cnica de vanguardia se presenta como la \u00faltima esperanza para resolver el misterio.<\/p>\n<p>El ADN encontrado en la escena conect\u00f3 al criminal con Stina Eriksson, una periodista que cubr\u00eda el caso. La revelaci\u00f3n llev\u00f3 a su primo David Nilsson, quien confes\u00f3 los cr\u00edmenes atribuy\u00e9ndolos a \u00abvoces en su cabeza\u00bb. Este enfoque basado en la genealog\u00eda forense marc\u00f3 un precedente en Suecia y trajo justicia a las familias afectadas.<\/p>\n","protected":false},"excerpt":{"rendered":"<p>La serie se ha convertido en un fen\u00f3meno global desde su estreno en Netflix, capturando la atenci\u00f3n de millones con<\/p>\n","protected":false},"author":1,"featured_media":112559,"comment_status":"closed","ping_status":"closed","sticky":false,"template":"","format":"standard","meta":{"kia_subtitle":"El thriller sueco basado en hechos reales se ubica entre lo m\u00e1s visto en Netflix, relatando un doble homicidio que conmocion\u00f3 a Suecia durante 16 a\u00f1os.","footnotes":"","jetpack_publicize_message":"","jetpack_publicize_feature_enabled":true,"jetpack_social_post_already_shared":true,"jetpack_social_options":{"image_generator_settings":{"template":"highway","default_image_id":0,"font":"","enabled":false},"version":2}},"categories":[2600,68],"tags":[],"class_list":["post-112558","post","type-post","status-publish","format-standard","has-post-thumbnail","hentry","category-espectaculo","category-cine-y-series"],"jetpack_publicize_connections":[],"jetpack_featured_media_url":"https:\/\/laurbedigital.com.ar\/noticias\/wp-content\/uploads\/2025\/01\/20250117-El-rastro.jpg","_links":{"self":[{"href":"https:\/\/laurbedigital.com.ar\/noticias\/wp-json\/wp\/v2\/posts\/112558","targetHints":{"allow":["GET"]}}],"collection":[{"href":"https:\/\/laurbedigital.com.ar\/noticias\/wp-json\/wp\/v2\/posts"}],"about":[{"href":"https:\/\/laurbedigital.com.ar\/noticias\/wp-json\/wp\/v2\/types\/post"}],"author":[{"embeddable":true,"href":"https:\/\/laurbedigital.com.ar\/noticias\/wp-json\/wp\/v2\/users\/1"}],"replies":[{"embeddable":true,"href":"https:\/\/laurbedigital.com.ar\/noticias\/wp-json\/wp\/v2\/comments?post=112558"}],"version-history":[{"count":2,"href":"https:\/\/laurbedigital.com.ar\/noticias\/wp-json\/wp\/v2\/posts\/112558\/revisions"}],"predecessor-version":[{"id":112561,"href":"https:\/\/laurbedigital.com.ar\/noticias\/wp-json\/wp\/v2\/posts\/112558\/revisions\/112561"}],"wp:featuredmedia":[{"embeddable":true,"href":"https:\/\/laurbedigital.com.ar\/noticias\/wp-json\/wp\/v2\/media\/112559"}],"wp:attachment":[{"href":"https:\/\/laurbedigital.com.ar\/noticias\/wp-json\/wp\/v2\/media?parent=112558"}],"wp:term":[{"taxonomy":"category","embeddable":true,"href":"https:\/\/laurbedigital.com.ar\/noticias\/wp-json\/wp\/v2\/categories?post=112558"},{"taxonomy":"post_tag","embeddable":true,"href":"https:\/\/laurbedigital.com.ar\/noticias\/wp-json\/wp\/v2\/tags?post=112558"}],"curies":[{"name":"wp","href":"https:\/\/api.w.org\/{rel}","templated":true}]}}