{"id":112516,"date":"2025-01-14T21:59:52","date_gmt":"2025-01-15T00:59:52","guid":{"rendered":"https:\/\/laurbedigital.com.ar\/noticias\/?p=112516"},"modified":"2025-01-14T21:59:52","modified_gmt":"2025-01-15T00:59:52","slug":"cierre-de-coordinaciones-de-salud-el-gobierno-enfrenta-criticas-por-un-retroceso-sanitario","status":"publish","type":"post","link":"https:\/\/laurbedigital.com.ar\/noticias\/2025\/01\/14\/cierre-de-coordinaciones-de-salud-el-gobierno-enfrenta-criticas-por-un-retroceso-sanitario\/","title":{"rendered":"Cierre de coordinaciones de salud: el gobierno enfrenta cr\u00edticas por un retroceso sanitario"},"content":{"rendered":"<p>La pol\u00e9mica decisi\u00f3n del gobierno liderado por Javier Milei de reestructurar el Ministerio de Salud ha generado un fuerte rechazo. Entre las medidas m\u00e1s criticadas se encuentra la eliminaci\u00f3n de las coordinaciones de tuberculosis y hepatitis, en un contexto de creciente n\u00famero de contagios y una notable falta de insumos esenciales para el tratamiento y la prevenci\u00f3n.<\/p>\n<p>El decreto firmado por el ministro de Salud, Mario Lugones, y el Presidente elimin\u00f3 15 \u00e1reas estrat\u00e9gicas del Ministerio de Salud. Este recorte afecta directamente a la respuesta frente a enfermedades como la tuberculosis y las hepatitis virales, en un momento cr\u00edtico en el que los diagn\u00f3sticos de tuberculosis han aumentado un 20%, alcanzando los 15.000 casos en 2023.<\/p>\n<p>Desde el Frente Nacional por la Salud de las Personas con VIH, Hepatitis y Tuberculosis calificaron la medida como \u00abun acto irresponsable\u00bb que expone a la poblaci\u00f3n a riesgos evitables. \u00abEl recorte presupuestario en salud p\u00fablica no solo desfinancia tratamientos esenciales, sino que tambi\u00e9n paraliza la prevenci\u00f3n y el diagn\u00f3stico temprano\u00bb, se\u00f1al\u00f3 Jos\u00e9 Mar\u00eda Di Bello, integrante de la Fundaci\u00f3n Grupo Efecto Positivo.<\/p>\n<p>La situaci\u00f3n es especialmente cr\u00edtica para quienes enfrentan tuberculosis multirresistente, una variante m\u00e1s grave que requiere tratamientos espec\u00edficos. Con la eliminaci\u00f3n de la coordinaci\u00f3n especializada, las personas diagnosticadas enfrentan demoras y obst\u00e1culos insostenibles para acceder a medicamentos vitales.<\/p>\n<p>Adem\u00e1s, el desfinanciamiento es palpable en la ausencia de insumos b\u00e1sicos. En 2024, Argentina dej\u00f3 de comprar preservativos, una herramienta clave para la prevenci\u00f3n de enfermedades de transmisi\u00f3n sexual. \u201cEs inaceptable que en pleno siglo XXI, el gobierno nacional d\u00e9 pasos atr\u00e1s en pol\u00edticas p\u00fablicas esenciales que afectan directamente a la salud de miles de argentinos\u201d, apunt\u00f3 Di Bello.<\/p>\n<h3><strong>Un reclamo colectivo<\/strong><\/h3>\n<p>El martes pasado, trabajadores de la salud, pacientes y organizaciones civiles realizaron un abrazo simb\u00f3lico al Ministerio de Salud en se\u00f1al de protesta. \u00abEstamos exigiendo el cese inmediato de los recortes y la restituci\u00f3n de las \u00e1reas eliminadas\u00bb, dijeron desde la movilizaci\u00f3n, que tambi\u00e9n demand\u00f3 una reuni\u00f3n con el ministro Lugones para esclarecer las medidas que planea implementar el gobierno.<\/p>\n<p>Una medida cautelar emitida en diciembre exige al Estado garantizar la entrega de medicamentos en un plazo m\u00e1ximo de 60 d\u00edas, pero las organizaciones denuncian que hasta el momento no se han dado avances significativos. \u00abEl incumplimiento de esta obligaci\u00f3n no solo es un desprecio por la vida de quienes dependen del sistema de salud p\u00fablica, sino tambi\u00e9n una violaci\u00f3n de la Ley 27.675, que establece responsabilidades claras para el gobierno nacional\u00bb, destacaron.<\/p>\n<p>El cierre de las coordinaciones de tuberculosis y hepatitis evidencia las graves consecuencias de las pol\u00edticas de ajuste del gobierno de Javier Milei en el \u00e1rea de salud. Frente al aumento de contagios y la falta de recursos b\u00e1sicos, las cr\u00edticas no cesan. La respuesta del Ejecutivo a los reclamos ser\u00e1 crucial para evitar una crisis sanitaria que podr\u00eda marcar un retroceso hist\u00f3rico en la salud p\u00fablica argentina.<\/p>\n","protected":false},"excerpt":{"rendered":"<p>La pol\u00e9mica decisi\u00f3n del gobierno liderado por Javier Milei de reestructurar el Ministerio de Salud ha generado un fuerte rechazo.<\/p>\n","protected":false},"author":1,"featured_media":112517,"comment_status":"closed","ping_status":"closed","sticky":false,"template":"","format":"standard","meta":{"kia_subtitle":"Organizaciones denuncian que la eliminaci\u00f3n de \u00e1reas clave de salud p\u00fablica, impulsada por el gobierno nacional, podr\u00eda desatar una crisis sanitaria en medio del aumento de casos de tuberculosis y hepatitis.","footnotes":"","jetpack_publicize_message":"","jetpack_publicize_feature_enabled":true,"jetpack_social_post_already_shared":true,"jetpack_social_options":{"image_generator_settings":{"template":"highway","default_image_id":0,"font":"","enabled":false},"version":2}},"categories":[3,41],"tags":[],"class_list":["post-112516","post","type-post","status-publish","format-standard","has-post-thumbnail","hentry","category-actualidad","category-nacionales"],"jetpack_publicize_connections":[],"jetpack_featured_media_url":"https:\/\/laurbedigital.com.ar\/noticias\/wp-content\/uploads\/2025\/01\/20250115-Frente-tuberculosis-hepatitis-y-vih.jpg","_links":{"self":[{"href":"https:\/\/laurbedigital.com.ar\/noticias\/wp-json\/wp\/v2\/posts\/112516","targetHints":{"allow":["GET"]}}],"collection":[{"href":"https:\/\/laurbedigital.com.ar\/noticias\/wp-json\/wp\/v2\/posts"}],"about":[{"href":"https:\/\/laurbedigital.com.ar\/noticias\/wp-json\/wp\/v2\/types\/post"}],"author":[{"embeddable":true,"href":"https:\/\/laurbedigital.com.ar\/noticias\/wp-json\/wp\/v2\/users\/1"}],"replies":[{"embeddable":true,"href":"https:\/\/laurbedigital.com.ar\/noticias\/wp-json\/wp\/v2\/comments?post=112516"}],"version-history":[{"count":1,"href":"https:\/\/laurbedigital.com.ar\/noticias\/wp-json\/wp\/v2\/posts\/112516\/revisions"}],"predecessor-version":[{"id":112518,"href":"https:\/\/laurbedigital.com.ar\/noticias\/wp-json\/wp\/v2\/posts\/112516\/revisions\/112518"}],"wp:featuredmedia":[{"embeddable":true,"href":"https:\/\/laurbedigital.com.ar\/noticias\/wp-json\/wp\/v2\/media\/112517"}],"wp:attachment":[{"href":"https:\/\/laurbedigital.com.ar\/noticias\/wp-json\/wp\/v2\/media?parent=112516"}],"wp:term":[{"taxonomy":"category","embeddable":true,"href":"https:\/\/laurbedigital.com.ar\/noticias\/wp-json\/wp\/v2\/categories?post=112516"},{"taxonomy":"post_tag","embeddable":true,"href":"https:\/\/laurbedigital.com.ar\/noticias\/wp-json\/wp\/v2\/tags?post=112516"}],"curies":[{"name":"wp","href":"https:\/\/api.w.org\/{rel}","templated":true}]}}