{"id":112499,"date":"2025-01-15T00:08:20","date_gmt":"2025-01-15T03:08:20","guid":{"rendered":"https:\/\/laurbedigital.com.ar\/noticias\/?p=112499"},"modified":"2025-01-14T21:06:25","modified_gmt":"2025-01-15T00:06:25","slug":"capturando-arte-celebrando-el-dia-mundial-de-la-selfie-en-los-museos","status":"publish","type":"post","link":"https:\/\/laurbedigital.com.ar\/noticias\/2025\/01\/15\/capturando-arte-celebrando-el-dia-mundial-de-la-selfie-en-los-museos\/","title":{"rendered":"Capturando Arte: Celebrando el D\u00eda Mundial de la Selfie en los Museos"},"content":{"rendered":"<p>Los museos se transforman en escenarios vivos donde visitantes de todas las edades participan activamente, integrando su perspectiva personal con el legado cultural. Este evento global destaca la capacidad de las nuevas tecnolog\u00edas para acercarnos al arte, d\u00e1ndole un giro contempor\u00e1neo a la experiencia muse\u00edstica.<\/p>\n<p>El D\u00eda Mundial en los Museos no es solo una celebraci\u00f3n de las instituciones culturales, sino tambi\u00e9n de c\u00f3mo las personas interact\u00faan con las obras y los espacios. Al recorrer las galer\u00edas, los visitantes aprovechan la oportunidad para crear una imagen \u00fanica que los relacione directamente con piezas hist\u00f3ricas, uniendo el pasado con el presente en una narrativa visual.<\/p>\n<p>Desde Nueva York hasta Tokio, las redes sociales se llenan de im\u00e1genes creativas en las que se destacan desde retratos cl\u00e1sicos hasta instalaciones modernas. Estos registros permiten que el arte viaje m\u00e1s all\u00e1 de las paredes del museo, llegando a audiencias globales que quiz\u00e1s nunca hayan pisado el lugar. \u201cEs una forma de acercar el patrimonio a una generaci\u00f3n digital\u201d, explica Clara Rodr\u00edguez, directora de un museo interactivo en Am\u00e9rica Latina.<\/p>\n<p>Sin embargo, esta pr\u00e1ctica tiene detractores. Algunos opinan que las actividades fotogr\u00e1ficas pueden trivializar la experiencia de apreciar las piezas art\u00edsticas. Los expertos recomiendan encontrar un equilibrio, fomentando el respeto hacia las obras mientras se promueve la creatividad y el aprendizaje en un ambiente din\u00e1mico.<\/p>\n<p>Para las instituciones, esta jornada tambi\u00e9n representa una oportunidad para innovar y atraer p\u00fablicos m\u00e1s diversos. Programas interactivos, charlas y actividades en l\u00ednea complementan la experiencia f\u00edsica, reforzando el papel de los museos como centros de educaci\u00f3n y entretenimiento.<\/p>\n","protected":false},"excerpt":{"rendered":"<p>Los museos se transforman en escenarios vivos donde visitantes de todas las edades participan activamente, integrando su perspectiva personal con<\/p>\n","protected":false},"author":1,"featured_media":112500,"comment_status":"closed","ping_status":"closed","sticky":false,"template":"","format":"standard","meta":{"kia_subtitle":"En todo el mundo, entusiastas de la cultura y la tecnolog\u00eda se unen para celebrar el D\u00eda Mundial de la Selfie, integrando el arte y la creatividad en una sola imagen.","footnotes":"","jetpack_publicize_message":"","jetpack_publicize_feature_enabled":true,"jetpack_social_post_already_shared":true,"jetpack_social_options":{"image_generator_settings":{"template":"highway","default_image_id":0,"font":"","enabled":false},"version":2}},"categories":[5,2594],"tags":[],"class_list":["post-112499","post","type-post","status-publish","format-standard","has-post-thumbnail","hentry","category-cultura","category-efemerides"],"jetpack_publicize_connections":[],"jetpack_featured_media_url":"https:\/\/laurbedigital.com.ar\/noticias\/wp-content\/uploads\/2025\/01\/20250115-selfie-en-el-museo.jpg","_links":{"self":[{"href":"https:\/\/laurbedigital.com.ar\/noticias\/wp-json\/wp\/v2\/posts\/112499","targetHints":{"allow":["GET"]}}],"collection":[{"href":"https:\/\/laurbedigital.com.ar\/noticias\/wp-json\/wp\/v2\/posts"}],"about":[{"href":"https:\/\/laurbedigital.com.ar\/noticias\/wp-json\/wp\/v2\/types\/post"}],"author":[{"embeddable":true,"href":"https:\/\/laurbedigital.com.ar\/noticias\/wp-json\/wp\/v2\/users\/1"}],"replies":[{"embeddable":true,"href":"https:\/\/laurbedigital.com.ar\/noticias\/wp-json\/wp\/v2\/comments?post=112499"}],"version-history":[{"count":1,"href":"https:\/\/laurbedigital.com.ar\/noticias\/wp-json\/wp\/v2\/posts\/112499\/revisions"}],"predecessor-version":[{"id":112501,"href":"https:\/\/laurbedigital.com.ar\/noticias\/wp-json\/wp\/v2\/posts\/112499\/revisions\/112501"}],"wp:featuredmedia":[{"embeddable":true,"href":"https:\/\/laurbedigital.com.ar\/noticias\/wp-json\/wp\/v2\/media\/112500"}],"wp:attachment":[{"href":"https:\/\/laurbedigital.com.ar\/noticias\/wp-json\/wp\/v2\/media?parent=112499"}],"wp:term":[{"taxonomy":"category","embeddable":true,"href":"https:\/\/laurbedigital.com.ar\/noticias\/wp-json\/wp\/v2\/categories?post=112499"},{"taxonomy":"post_tag","embeddable":true,"href":"https:\/\/laurbedigital.com.ar\/noticias\/wp-json\/wp\/v2\/tags?post=112499"}],"curies":[{"name":"wp","href":"https:\/\/api.w.org\/{rel}","templated":true}]}}