{"id":112472,"date":"2025-01-13T01:02:34","date_gmt":"2025-01-13T04:02:34","guid":{"rendered":"https:\/\/laurbedigital.com.ar\/noticias\/?p=112472"},"modified":"2025-01-13T01:02:34","modified_gmt":"2025-01-13T04:02:34","slug":"desaparicion-de-loan-pena-declaraciones-y-nuevas-tensiones-entre-los-implicados","status":"publish","type":"post","link":"https:\/\/laurbedigital.com.ar\/noticias\/2025\/01\/13\/desaparicion-de-loan-pena-declaraciones-y-nuevas-tensiones-entre-los-implicados\/","title":{"rendered":"Desaparici\u00f3n de Loan Pe\u00f1a: declaraciones y nuevas tensiones entre los implicados"},"content":{"rendered":"<p>A m\u00e1s de seis meses de la desaparici\u00f3n de Loan Pe\u00f1a en 9 de Julio, Corrientes, surgen nuevas declaraciones que complican a\u00fan m\u00e1s el caso. M\u00f3nica Millapi, detenida en relaci\u00f3n al hecho, se\u00f1al\u00f3 comportamientos extra\u00f1os por parte de Laudelina Pe\u00f1a, t\u00eda del menor, el d\u00eda en que este desapareci\u00f3.<\/p>\n<p>En una reciente entrevista con Radio Splendid, Millapi asegur\u00f3 que Laudelina actu\u00f3 de forma \u00absospechosa\u00bb al dejarla sola sin previo aviso mientras buscaban al ni\u00f1o. Adem\u00e1s, describi\u00f3 c\u00f3mo transcurri\u00f3 aquel d\u00eda, mencionando que no ten\u00edan intenci\u00f3n de asistir al almuerzo en casa de Catalina Pe\u00f1a, abuela de Loan, pero decidieron hacerlo a \u00faltimo momento.<\/p>\n<p>\u00abFuimos los \u00faltimos en llegar. En la casa estaban Carlos P\u00e9rez, Mar\u00eda Victoria Caillava, Jos\u00e9 Pe\u00f1a, Catalina, Laudelina y Camila\u00bb, precis\u00f3, destacando que las actividades dentro del grupo se desarrollaban con normalidad hasta la desaparici\u00f3n de Loan.<\/p>\n<p>Seg\u00fan su relato, Antonio Ben\u00edtez, otro de los familiares presentes, sali\u00f3 del lugar a buscar naranjas, y poco despu\u00e9s fue alcanzado por el esposo de Millapi, Daniel \u201cFierrito\u201d Ram\u00edrez. En ese momento, Laudelina sugiri\u00f3 salir junto con Camila y los ni\u00f1os. \u00abVi a Laudelina hablando con Loan, pero no escuch\u00e9 lo que le dec\u00eda\u00bb, se\u00f1al\u00f3.<\/p>\n<p>La mujer neg\u00f3 categ\u00f3ricamente la existencia de un pacto de silencio entre los involucrados para encubrir lo sucedido. \u00abSomos inocentes. No tengo pruebas ni estoy acusando a nadie, pero mi familia seguir\u00e1 rota hasta que se aclare todo y se encuentre a Loan\u00bb, afirm\u00f3.<\/p>\n<h3><strong>Tensiones y controversias<\/strong><\/h3>\n<p>El caso, que mantiene a la comunidad de 9 de Julio en vilo, contin\u00faa generando dudas y conflictos entre los familiares. Las contradicciones en los testimonios y las nuevas acusaciones han dificultado el avance de la investigaci\u00f3n.<\/p>\n","protected":false},"excerpt":{"rendered":"<p>A m\u00e1s de seis meses de la desaparici\u00f3n de Loan Pe\u00f1a en 9 de Julio, Corrientes, surgen nuevas declaraciones que<\/p>\n","protected":false},"author":1,"featured_media":112473,"comment_status":"closed","ping_status":"closed","sticky":false,"template":"","format":"standard","meta":{"kia_subtitle":"Una de las detenidas cuestion\u00f3 la actitud de Laudelina Pe\u00f1a, t\u00eda del ni\u00f1o, durante la b\u00fasqueda inicial.","footnotes":"","jetpack_publicize_message":"","jetpack_publicize_feature_enabled":true,"jetpack_social_post_already_shared":true,"jetpack_social_options":{"image_generator_settings":{"template":"highway","default_image_id":0,"font":"","enabled":false},"version":2}},"categories":[8],"tags":[],"class_list":["post-112472","post","type-post","status-publish","format-standard","has-post-thumbnail","hentry","category-policiales"],"jetpack_publicize_connections":[],"jetpack_featured_media_url":"https:\/\/laurbedigital.com.ar\/noticias\/wp-content\/uploads\/2025\/01\/20250113-Millapi.jpg","_links":{"self":[{"href":"https:\/\/laurbedigital.com.ar\/noticias\/wp-json\/wp\/v2\/posts\/112472","targetHints":{"allow":["GET"]}}],"collection":[{"href":"https:\/\/laurbedigital.com.ar\/noticias\/wp-json\/wp\/v2\/posts"}],"about":[{"href":"https:\/\/laurbedigital.com.ar\/noticias\/wp-json\/wp\/v2\/types\/post"}],"author":[{"embeddable":true,"href":"https:\/\/laurbedigital.com.ar\/noticias\/wp-json\/wp\/v2\/users\/1"}],"replies":[{"embeddable":true,"href":"https:\/\/laurbedigital.com.ar\/noticias\/wp-json\/wp\/v2\/comments?post=112472"}],"version-history":[{"count":1,"href":"https:\/\/laurbedigital.com.ar\/noticias\/wp-json\/wp\/v2\/posts\/112472\/revisions"}],"predecessor-version":[{"id":112474,"href":"https:\/\/laurbedigital.com.ar\/noticias\/wp-json\/wp\/v2\/posts\/112472\/revisions\/112474"}],"wp:featuredmedia":[{"embeddable":true,"href":"https:\/\/laurbedigital.com.ar\/noticias\/wp-json\/wp\/v2\/media\/112473"}],"wp:attachment":[{"href":"https:\/\/laurbedigital.com.ar\/noticias\/wp-json\/wp\/v2\/media?parent=112472"}],"wp:term":[{"taxonomy":"category","embeddable":true,"href":"https:\/\/laurbedigital.com.ar\/noticias\/wp-json\/wp\/v2\/categories?post=112472"},{"taxonomy":"post_tag","embeddable":true,"href":"https:\/\/laurbedigital.com.ar\/noticias\/wp-json\/wp\/v2\/tags?post=112472"}],"curies":[{"name":"wp","href":"https:\/\/api.w.org\/{rel}","templated":true}]}}