{"id":112470,"date":"2025-01-13T00:57:08","date_gmt":"2025-01-13T03:57:08","guid":{"rendered":"https:\/\/laurbedigital.com.ar\/noticias\/?p=112470"},"modified":"2025-01-13T00:57:08","modified_gmt":"2025-01-13T03:57:08","slug":"2024-el-ano-mas-calido-de-la-historia-segun-copernicus","status":"publish","type":"post","link":"https:\/\/laurbedigital.com.ar\/noticias\/2025\/01\/13\/2024-el-ano-mas-calido-de-la-historia-segun-copernicus\/","title":{"rendered":"2024 el a\u00f1o m\u00e1s c\u00e1lido de la historia seg\u00fan Copernicus"},"content":{"rendered":"<p>El cambio clim\u00e1tico contin\u00faa dejando su huella. Seg\u00fan el Servicio de Cambio Clim\u00e1tico de Copernicus (C3S), el a\u00f1o pasado marc\u00f3 un r\u00e9cord hist\u00f3rico en las temperaturas globales, con una media que rebas\u00f3, por primera vez, el l\u00edmite de 1.5 \u00b0C por encima de los niveles preindustriales.<\/p>\n<p>El reporte publicado el 10 de enero se\u00f1ala que la temperatura promedio global alcanz\u00f3 los 15.10 \u00b0C, un incremento de 0.72 \u00b0C respecto a la media de 1991-2020. Este registro supera al a\u00f1o anterior, que ostentaba el r\u00e9cord previo, con un aumento de 0.12 \u00b0C. Aunque cruzar este umbral cr\u00edtico no implica que se haya rebasado de manera permanente, evidencia el acelerado avance del calentamiento global.<\/p>\n<p>El impacto fue notable en los polos. En la Ant\u00e1rtida, la extensi\u00f3n del hielo marino alcanz\u00f3 m\u00ednimos hist\u00f3ricos, mientras que el \u00c1rtico, tras un inicio moderado, experiment\u00f3 una significativa p\u00e9rdida de hielo en la segunda mitad del a\u00f1o. Adem\u00e1s, el mes de julio registr\u00f3 temperaturas r\u00e9cord, consolid\u00e1ndose como el m\u00e1s caluroso de la historia.<\/p>\n<h3><strong>Factores detr\u00e1s del aumento<\/strong><\/h3>\n<p>El cambio clim\u00e1tico provocado por la actividad humana sigue siendo el principal motor de estas anomal\u00edas t\u00e9rmicas, potenciado por el fen\u00f3meno de El Ni\u00f1o, que alcanz\u00f3 su punto m\u00e1ximo en diciembre del a\u00f1o anterior.<\/p>\n<p>El incremento de las temperaturas no solo impact\u00f3 las zonas polares, sino que intensific\u00f3 eventos meteorol\u00f3gicos extremos a nivel global, como lluvias torrenciales, tormentas y sequ\u00edas prolongadas. En Am\u00e9rica Latina, la falta de lluvias aliment\u00f3 devastadores incendios forestales en pa\u00edses como Bolivia y Venezuela, que alcanzaron niveles r\u00e9cord de emisiones de carbono.<\/p>\n<h3><strong>Llamado a la acci\u00f3n<\/strong><\/h3>\n<p>Carlo Buontempo, director del C3S, destac\u00f3 la urgencia de tomar medidas: \u201cEstamos viendo el impacto directo de nuestras acciones en el clima. Solo un cambio inmediato y basado en evidencia cient\u00edfica puede frenar esta tendencia y evitar consecuencias irreversibles\u201d.<\/p>\n","protected":false},"excerpt":{"rendered":"<p>El cambio clim\u00e1tico contin\u00faa dejando su huella. Seg\u00fan el Servicio de Cambio Clim\u00e1tico de Copernicus (C3S), el a\u00f1o pasado marc\u00f3<\/p>\n","protected":false},"author":1,"featured_media":68485,"comment_status":"closed","ping_status":"closed","sticky":false,"template":"","format":"standard","meta":{"kia_subtitle":"La temperatura media global super\u00f3 por primera vez el umbral cr\u00edtico de 1.5 \u00b0C respecto a la era preindustrial.","footnotes":"","jetpack_publicize_message":"","jetpack_publicize_feature_enabled":true,"jetpack_social_post_already_shared":true,"jetpack_social_options":{"image_generator_settings":{"template":"highway","default_image_id":0,"font":"","enabled":false},"version":2}},"categories":[15],"tags":[],"class_list":["post-112470","post","type-post","status-publish","format-standard","has-post-thumbnail","hentry","category-tendencias"],"jetpack_publicize_connections":[],"jetpack_featured_media_url":"https:\/\/laurbedigital.com.ar\/noticias\/wp-content\/uploads\/2022\/01\/20220109-OLA-de-calor.jpg","_links":{"self":[{"href":"https:\/\/laurbedigital.com.ar\/noticias\/wp-json\/wp\/v2\/posts\/112470","targetHints":{"allow":["GET"]}}],"collection":[{"href":"https:\/\/laurbedigital.com.ar\/noticias\/wp-json\/wp\/v2\/posts"}],"about":[{"href":"https:\/\/laurbedigital.com.ar\/noticias\/wp-json\/wp\/v2\/types\/post"}],"author":[{"embeddable":true,"href":"https:\/\/laurbedigital.com.ar\/noticias\/wp-json\/wp\/v2\/users\/1"}],"replies":[{"embeddable":true,"href":"https:\/\/laurbedigital.com.ar\/noticias\/wp-json\/wp\/v2\/comments?post=112470"}],"version-history":[{"count":1,"href":"https:\/\/laurbedigital.com.ar\/noticias\/wp-json\/wp\/v2\/posts\/112470\/revisions"}],"predecessor-version":[{"id":112471,"href":"https:\/\/laurbedigital.com.ar\/noticias\/wp-json\/wp\/v2\/posts\/112470\/revisions\/112471"}],"wp:featuredmedia":[{"embeddable":true,"href":"https:\/\/laurbedigital.com.ar\/noticias\/wp-json\/wp\/v2\/media\/68485"}],"wp:attachment":[{"href":"https:\/\/laurbedigital.com.ar\/noticias\/wp-json\/wp\/v2\/media?parent=112470"}],"wp:term":[{"taxonomy":"category","embeddable":true,"href":"https:\/\/laurbedigital.com.ar\/noticias\/wp-json\/wp\/v2\/categories?post=112470"},{"taxonomy":"post_tag","embeddable":true,"href":"https:\/\/laurbedigital.com.ar\/noticias\/wp-json\/wp\/v2\/tags?post=112470"}],"curies":[{"name":"wp","href":"https:\/\/api.w.org\/{rel}","templated":true}]}}