{"id":112463,"date":"2025-01-13T00:47:01","date_gmt":"2025-01-13T03:47:01","guid":{"rendered":"https:\/\/laurbedigital.com.ar\/noticias\/?p=112463"},"modified":"2025-01-13T00:47:01","modified_gmt":"2025-01-13T03:47:01","slug":"la-primera-ola-de-calor-del-ano-llega-al-amba-con-temperaturas-cercanas-a-40-grados","status":"publish","type":"post","link":"https:\/\/laurbedigital.com.ar\/noticias\/2025\/01\/13\/la-primera-ola-de-calor-del-ano-llega-al-amba-con-temperaturas-cercanas-a-40-grados\/","title":{"rendered":"La primera ola de calor del a\u00f1o llega al AMBA con temperaturas cercanas a 40 grados"},"content":{"rendered":"<p>El verano se hace sentir con fuerza en el \u00c1rea Metropolitana de Buenos Aires (AMBA), donde se espera la primera ola de calor del a\u00f1o. Seg\u00fan el Servicio Meteorol\u00f3gico Nacional (SMN) y Meteored, las temperaturas alcanzar\u00e1n valores cercanos a los 40 grados, superando ampliamente los promedios hist\u00f3ricos de enero.<\/p>\n<p>Tras un inicio de a\u00f1o con temperaturas moderadas, el calor extremo marcar\u00e1 esta semana en la regi\u00f3n. Este lunes se inaugura un per\u00edodo de d\u00edas sofocantes con m\u00e1ximas de 33 grados y m\u00ednimas de 23, bajo un cielo parcialmente nublado.<\/p>\n<p>El martes y mi\u00e9rcoles continuar\u00e1n con una tendencia ascendente: m\u00e1ximas de 34 y 35 grados respectivamente, acompa\u00f1adas de cielos algo nublados. Seg\u00fan los pron\u00f3sticos, el jueves ser\u00e1 el d\u00eda m\u00e1s caluroso, con temperaturas que oscilar\u00e1n entre los 26 y 37 grados. Finalmente, el viernes podr\u00eda llegar el tan ansiado alivio con tormentas aisladas que har\u00edan descender las temperaturas a un rango de 25 a 32 grados.<\/p>\n<p>Adem\u00e1s del AMBA, provincias como C\u00f3rdoba, Santa Fe y Entre R\u00edos tambi\u00e9n experimentar\u00e1n anomal\u00edas t\u00e9rmicas significativas, consolidando esta semana como una de las m\u00e1s calurosas del inicio de 2025.<\/p>\n<h3><strong>Recomendaciones para enfrentar el calor extremo<\/strong><\/h3>\n<p>Ante este escenario, el Ministerio de Salud recuerda algunas medidas esenciales para prevenir el golpe de calor:<\/p>\n<ul>\n<li><strong>Hidrataci\u00f3n constante:<\/strong> Consumir abundante agua durante el d\u00eda, incluso sin sentir sed.<\/li>\n<li><strong>Evitar el sol directo:<\/strong> Limitar la exposici\u00f3n solar entre las 10 y 16 horas.<\/li>\n<li><strong>Ropa adecuada:<\/strong> Utilizar prendas ligeras, de colores claros, sombreros y anteojos de sol.<\/li>\n<li><strong>Espacios frescos:<\/strong> Permanecer en lugares ventilados o acondicionados.<\/li>\n<li><strong>Alimentaci\u00f3n saludable:<\/strong> Priorizar frutas, verduras y comidas livianas.<\/li>\n<\/ul>\n<p>Adem\u00e1s, se recomienda prestar especial atenci\u00f3n a ni\u00f1os, personas mayores y grupos vulnerables, quienes son m\u00e1s propensos a sufrir las consecuencias del calor.<\/p>\n","protected":false},"excerpt":{"rendered":"<p>El verano se hace sentir con fuerza en el \u00c1rea Metropolitana de Buenos Aires (AMBA), donde se espera la primera<\/p>\n","protected":false},"author":1,"featured_media":89220,"comment_status":"closed","ping_status":"closed","sticky":false,"template":"","format":"standard","meta":{"kia_subtitle":"El Servicio Meteorol\u00f3gico Nacional advierte sobre una semana con calor extremo. Qu\u00e9 esperar y c\u00f3mo protegerse.","footnotes":"","jetpack_publicize_message":"","jetpack_publicize_feature_enabled":true,"jetpack_social_post_already_shared":true,"jetpack_social_options":{"image_generator_settings":{"template":"highway","default_image_id":0,"font":"","enabled":false},"version":2}},"categories":[3,13],"tags":[],"class_list":["post-112463","post","type-post","status-publish","format-standard","has-post-thumbnail","hentry","category-actualidad","category-region"],"jetpack_publicize_connections":[],"jetpack_featured_media_url":"https:\/\/laurbedigital.com.ar\/noticias\/wp-content\/uploads\/2023\/03\/20230311-ola-de-calor-agua.jpg","_links":{"self":[{"href":"https:\/\/laurbedigital.com.ar\/noticias\/wp-json\/wp\/v2\/posts\/112463","targetHints":{"allow":["GET"]}}],"collection":[{"href":"https:\/\/laurbedigital.com.ar\/noticias\/wp-json\/wp\/v2\/posts"}],"about":[{"href":"https:\/\/laurbedigital.com.ar\/noticias\/wp-json\/wp\/v2\/types\/post"}],"author":[{"embeddable":true,"href":"https:\/\/laurbedigital.com.ar\/noticias\/wp-json\/wp\/v2\/users\/1"}],"replies":[{"embeddable":true,"href":"https:\/\/laurbedigital.com.ar\/noticias\/wp-json\/wp\/v2\/comments?post=112463"}],"version-history":[{"count":2,"href":"https:\/\/laurbedigital.com.ar\/noticias\/wp-json\/wp\/v2\/posts\/112463\/revisions"}],"predecessor-version":[{"id":112465,"href":"https:\/\/laurbedigital.com.ar\/noticias\/wp-json\/wp\/v2\/posts\/112463\/revisions\/112465"}],"wp:featuredmedia":[{"embeddable":true,"href":"https:\/\/laurbedigital.com.ar\/noticias\/wp-json\/wp\/v2\/media\/89220"}],"wp:attachment":[{"href":"https:\/\/laurbedigital.com.ar\/noticias\/wp-json\/wp\/v2\/media?parent=112463"}],"wp:term":[{"taxonomy":"category","embeddable":true,"href":"https:\/\/laurbedigital.com.ar\/noticias\/wp-json\/wp\/v2\/categories?post=112463"},{"taxonomy":"post_tag","embeddable":true,"href":"https:\/\/laurbedigital.com.ar\/noticias\/wp-json\/wp\/v2\/tags?post=112463"}],"curies":[{"name":"wp","href":"https:\/\/api.w.org\/{rel}","templated":true}]}}