{"id":112460,"date":"2025-01-13T00:27:52","date_gmt":"2025-01-13T03:27:52","guid":{"rendered":"https:\/\/laurbedigital.com.ar\/noticias\/?p=112460"},"modified":"2025-01-13T00:27:52","modified_gmt":"2025-01-13T03:27:52","slug":"crisis-en-las-pymes-25-000-empresas-y-300-000-empleos-en-riesgo-para-2025","status":"publish","type":"post","link":"https:\/\/laurbedigital.com.ar\/noticias\/2025\/01\/13\/crisis-en-las-pymes-25-000-empresas-y-300-000-empleos-en-riesgo-para-2025\/","title":{"rendered":"Crisis en las PyMEs: \u00bf25.000 empresas y 300.000 empleos en riesgo para 2025?"},"content":{"rendered":"<h3><strong>Un contexto alarmante<\/strong><\/h3>\n<p>La situaci\u00f3n econ\u00f3mica del pa\u00eds atraviesa uno de sus momentos m\u00e1s cr\u00edticos, con un impacto particularmente fuerte sobre las peque\u00f1as y medianas empresas (PyMEs). Seg\u00fan estimaciones de diversas c\u00e1maras industriales, m\u00e1s de 25.000 pymes y 300.000 empleos podr\u00edan desaparecer en 2025 si no se toman medidas correctivas frente a las pol\u00edticas econ\u00f3micas actuales. El Observatorio PyME y la entidad IPA (Industriales Pymes Argentinos) alertan sobre la alarmante ca\u00edda en el n\u00famero de empresas activas en el pa\u00eds, que actualmente ascienden a 551.000. Esta cifra es considerablemente baja en comparaci\u00f3n con pa\u00edses como Espa\u00f1a (72 empresas por cada 1.000 habitantes) y M\u00e9xico (40), reflejando un contexto de creciente fragilidad para el sector.<\/p>\n<h3><strong>Destrucci\u00f3n de empleo y cierre de empresas<\/strong><\/h3>\n<p>En 2024, el panorama ya result\u00f3 negativo, con la p\u00e9rdida de casi 10.000 empresas y alrededor de 217.000 empleos registrados. El cierre de f\u00e1bricas, despidos y la reducci\u00f3n de la capacidad instalada contin\u00faan marcando la tendencia a principios de 2025. El sector industrial manufacturero se encuentra particularmente afectado: seg\u00fan datos del INDEC, en noviembre de 2024 la producci\u00f3n industrial registr\u00f3 una ca\u00edda del 1,7%, acumulando un retroceso anual del 10,7%.<\/p>\n<p>Empresas emblem\u00e1ticas como Euro, Dass y D\u00e1nica se han visto obligadas a reducir personal o cerrar operaciones, mientras que otras, como Dow Argentina y General Motors, tambi\u00e9n han implementado recortes. La baja utilizaci\u00f3n de la capacidad instalada en las f\u00e1bricas refleja la gravedad de la crisis: en promedio, solo el 63,2% de la capacidad se utiliz\u00f3, y sectores clave como la industria met\u00e1lica b\u00e1sica vieron una disminuci\u00f3n de 15,6 puntos, alcanzando un 68,9%.<\/p>\n<h3><strong>Efectos de las pol\u00edticas econ\u00f3micas<\/strong><\/h3>\n<p>Las pol\u00edticas implementadas por el gobierno de Milei, como la apertura de importaciones y los recortes en subsidios, han generado incertidumbre en el sector privado. Las c\u00e1maras empresariales temen que estas medidas profundicen la recesi\u00f3n en lugar de aliviarla. Aunque el presidente ha anunciado negociaciones para obtener un pr\u00e9stamo internacional de 11.000 millones de d\u00f3lares, las medidas de apertura cambiaria y la eliminaci\u00f3n de restricciones podr\u00edan aumentar las dificultades para las empresas nacionales, especialmente en cuanto a la competitividad de las exportaciones.<\/p>\n<p>Sin un cambio en las pol\u00edticas que incentive la demanda interna, sectores clave como la industria automotriz, la construcci\u00f3n y otros mercados regionales seguir\u00e1n sufriendo. El Observatorio IPA advierte que la recuperaci\u00f3n ser\u00e1 lenta y desigual sin un enfoque estrat\u00e9gico para mejorar el consumo y fomentar la inversi\u00f3n.<\/p>\n<h3><strong>Proyecciones para 2025<\/strong><\/h3>\n<p>El futuro cercano no parece prometedor. Las perspectivas para 2025 son sombr\u00edas debido a la falta de inversi\u00f3n y a un debilitado poder adquisitivo que sigue afectando el consumo privado. La ca\u00edda de la inversi\u00f3n es vista como el principal obst\u00e1culo para cualquier recuperaci\u00f3n sostenida. Sin estabilidad macroecon\u00f3mica, las dificultades estructurales continuar\u00e1n afectando la econom\u00eda, con especial \u00e9nfasis en la industria textil, la construcci\u00f3n y los productos minerales no met\u00e1licos.<\/p>\n<p>Con una estrategia clara y compromiso conjunto, todav\u00eda hay esperanza de revertir esta situaci\u00f3n cr\u00edtica.<\/p>\n","protected":false},"excerpt":{"rendered":"<p>Un contexto alarmante La situaci\u00f3n econ\u00f3mica del pa\u00eds atraviesa uno de sus momentos m\u00e1s cr\u00edticos, con un impacto particularmente fuerte<\/p>\n","protected":false},"author":1,"featured_media":22157,"comment_status":"closed","ping_status":"closed","sticky":false,"template":"","format":"standard","meta":{"kia_subtitle":"La ca\u00edda en la producci\u00f3n industrial y la implementaci\u00f3n de pol\u00edticas econ\u00f3micas del gobierno de Javier Milei generan un panorama incierto, con consecuencias graves para el empleo y las econom\u00edas regionales.","footnotes":"","jetpack_publicize_message":"","jetpack_publicize_feature_enabled":true,"jetpack_social_post_already_shared":true,"jetpack_social_options":{"image_generator_settings":{"template":"highway","default_image_id":0,"font":"","enabled":false},"version":2}},"categories":[3,41],"tags":[],"class_list":["post-112460","post","type-post","status-publish","format-standard","has-post-thumbnail","hentry","category-actualidad","category-nacionales"],"jetpack_publicize_connections":[],"jetpack_featured_media_url":"https:\/\/laurbedigital.com.ar\/noticias\/wp-content\/uploads\/2020\/02\/05022020-actualidad-arriba-pymes-00001.jpg","_links":{"self":[{"href":"https:\/\/laurbedigital.com.ar\/noticias\/wp-json\/wp\/v2\/posts\/112460","targetHints":{"allow":["GET"]}}],"collection":[{"href":"https:\/\/laurbedigital.com.ar\/noticias\/wp-json\/wp\/v2\/posts"}],"about":[{"href":"https:\/\/laurbedigital.com.ar\/noticias\/wp-json\/wp\/v2\/types\/post"}],"author":[{"embeddable":true,"href":"https:\/\/laurbedigital.com.ar\/noticias\/wp-json\/wp\/v2\/users\/1"}],"replies":[{"embeddable":true,"href":"https:\/\/laurbedigital.com.ar\/noticias\/wp-json\/wp\/v2\/comments?post=112460"}],"version-history":[{"count":1,"href":"https:\/\/laurbedigital.com.ar\/noticias\/wp-json\/wp\/v2\/posts\/112460\/revisions"}],"predecessor-version":[{"id":112461,"href":"https:\/\/laurbedigital.com.ar\/noticias\/wp-json\/wp\/v2\/posts\/112460\/revisions\/112461"}],"wp:featuredmedia":[{"embeddable":true,"href":"https:\/\/laurbedigital.com.ar\/noticias\/wp-json\/wp\/v2\/media\/22157"}],"wp:attachment":[{"href":"https:\/\/laurbedigital.com.ar\/noticias\/wp-json\/wp\/v2\/media?parent=112460"}],"wp:term":[{"taxonomy":"category","embeddable":true,"href":"https:\/\/laurbedigital.com.ar\/noticias\/wp-json\/wp\/v2\/categories?post=112460"},{"taxonomy":"post_tag","embeddable":true,"href":"https:\/\/laurbedigital.com.ar\/noticias\/wp-json\/wp\/v2\/tags?post=112460"}],"curies":[{"name":"wp","href":"https:\/\/api.w.org\/{rel}","templated":true}]}}