{"id":112458,"date":"2025-01-13T00:22:07","date_gmt":"2025-01-13T03:22:07","guid":{"rendered":"https:\/\/laurbedigital.com.ar\/noticias\/?p=112458"},"modified":"2025-01-13T00:22:07","modified_gmt":"2025-01-13T03:22:07","slug":"13-de-enero-un-llamado-global-contra-la-depresion","status":"publish","type":"post","link":"https:\/\/laurbedigital.com.ar\/noticias\/2025\/01\/13\/13-de-enero-un-llamado-global-contra-la-depresion\/","title":{"rendered":"13 de enero: Un llamado global contra la depresi\u00f3n"},"content":{"rendered":"<p>La depresi\u00f3n, reconocida por la Organizaci\u00f3n Mundial de la Salud (OMS) como una de las principales causas de discapacidad a nivel mundial, afecta a m\u00e1s de 280 millones de personas en el planeta. El 13 de enero, el D\u00eda Mundial de la Lucha Contra la Depresi\u00f3n, nos invita a reflexionar sobre esta problem\u00e1tica que trasciende barreras culturales, sociales y econ\u00f3micas.<\/p>\n<p>En un mundo que avanza a un ritmo vertiginoso, la salud mental a menudo queda relegada a un segundo plano. Sin embargo, los datos son alarmantes: uno de cada cinco adultos experimentar\u00e1 alg\u00fan episodio depresivo en su vida. Esta enfermedad no distingue edad ni g\u00e9nero, aunque las mujeres son particularmente vulnerables debido a factores hormonales y sociales.<\/p>\n<h3><strong>La importancia de la concienciaci\u00f3n<\/strong><\/h3>\n<p>El principal obst\u00e1culo para combatir la depresi\u00f3n sigue siendo el estigma asociado a ella. Muchas personas afectadas temen buscar ayuda por miedo al juicio social o a ser etiquetadas como \u00abd\u00e9biles\u00bb. Esta percepci\u00f3n err\u00f3nea perpet\u00faa el sufrimiento silencioso y retrasa el acceso a tratamientos que pueden salvar vidas. Es por ello que iniciativas como el D\u00eda Mundial de la Lucha Contra la Depresi\u00f3n son cruciales para romper barreras y generar un cambio cultural.<\/p>\n<p>Adem\u00e1s, la pandemia de COVID-19 ha exacerbado los problemas de salud mental en todo el mundo, incrementando la necesidad de abordar esta crisis con urgencia. El aislamiento social, la inestabilidad econ\u00f3mica y el duelo por la p\u00e9rdida de seres queridos han contribuido a un aumento significativo de los casos de depresi\u00f3n y ansiedad.<\/p>\n<h3><strong>Estrategias de prevenci\u00f3n y apoyo<\/strong><\/h3>\n<p>Los expertos coinciden en que la clave para combatir la depresi\u00f3n radica en un enfoque integral que combine prevenci\u00f3n, detecci\u00f3n temprana y tratamiento. Campa\u00f1as educativas, acceso equitativo a servicios de salud mental y la promoci\u00f3n de h\u00e1bitos saludables son pilares fundamentales.<\/p>\n<p>A nivel individual, es importante fomentar el autocuidado a trav\u00e9s de actividades como el ejercicio f\u00edsico, una dieta equilibrada y el fortalecimiento de redes de apoyo social. Sin embargo, tambi\u00e9n es esencial que los gobiernos inviertan en sistemas de salud mental accesibles y efectivos, especialmente en pa\u00edses de bajos y medianos ingresos, donde la brecha de tratamiento es m\u00e1s profunda.<\/p>\n<h3><strong>Un compromiso colectivo<\/strong><\/h3>\n<p>El D\u00eda Mundial de la Lucha Contra la Depresi\u00f3n nos recuerda que todos tenemos un papel que desempe\u00f1ar. Ya sea apoyando a un amigo que atraviesa un momento dif\u00edcil, promoviendo espacios de conversaci\u00f3n o exigiendo pol\u00edticas p\u00fablicas inclusivas, nuestras acciones cuentan.<\/p>\n<p>La depresi\u00f3n puede ser una batalla ardua, pero no es invencible. Con conciencia, apoyo y acci\u00f3n conjunta, es posible construir un mundo donde la salud mental sea una prioridad para todos.<\/p>\n","protected":false},"excerpt":{"rendered":"<p>La depresi\u00f3n, reconocida por la Organizaci\u00f3n Mundial de la Salud (OMS) como una de las principales causas de discapacidad a<\/p>\n","protected":false},"author":1,"featured_media":380,"comment_status":"closed","ping_status":"closed","sticky":false,"template":"","format":"standard","meta":{"kia_subtitle":"Conciencia y acci\u00f3n frente a un enemigo silencioso","footnotes":"","jetpack_publicize_message":"","jetpack_publicize_feature_enabled":true,"jetpack_social_post_already_shared":true,"jetpack_social_options":{"image_generator_settings":{"template":"highway","default_image_id":0,"font":"","enabled":false},"version":2}},"categories":[5,2594],"tags":[],"class_list":["post-112458","post","type-post","status-publish","format-standard","has-post-thumbnail","hentry","category-cultura","category-efemerides"],"jetpack_publicize_connections":[],"jetpack_featured_media_url":"https:\/\/laurbedigital.com.ar\/noticias\/wp-content\/uploads\/2016\/01\/20160117-depresion.jpg","_links":{"self":[{"href":"https:\/\/laurbedigital.com.ar\/noticias\/wp-json\/wp\/v2\/posts\/112458","targetHints":{"allow":["GET"]}}],"collection":[{"href":"https:\/\/laurbedigital.com.ar\/noticias\/wp-json\/wp\/v2\/posts"}],"about":[{"href":"https:\/\/laurbedigital.com.ar\/noticias\/wp-json\/wp\/v2\/types\/post"}],"author":[{"embeddable":true,"href":"https:\/\/laurbedigital.com.ar\/noticias\/wp-json\/wp\/v2\/users\/1"}],"replies":[{"embeddable":true,"href":"https:\/\/laurbedigital.com.ar\/noticias\/wp-json\/wp\/v2\/comments?post=112458"}],"version-history":[{"count":1,"href":"https:\/\/laurbedigital.com.ar\/noticias\/wp-json\/wp\/v2\/posts\/112458\/revisions"}],"predecessor-version":[{"id":112459,"href":"https:\/\/laurbedigital.com.ar\/noticias\/wp-json\/wp\/v2\/posts\/112458\/revisions\/112459"}],"wp:featuredmedia":[{"embeddable":true,"href":"https:\/\/laurbedigital.com.ar\/noticias\/wp-json\/wp\/v2\/media\/380"}],"wp:attachment":[{"href":"https:\/\/laurbedigital.com.ar\/noticias\/wp-json\/wp\/v2\/media?parent=112458"}],"wp:term":[{"taxonomy":"category","embeddable":true,"href":"https:\/\/laurbedigital.com.ar\/noticias\/wp-json\/wp\/v2\/categories?post=112458"},{"taxonomy":"post_tag","embeddable":true,"href":"https:\/\/laurbedigital.com.ar\/noticias\/wp-json\/wp\/v2\/tags?post=112458"}],"curies":[{"name":"wp","href":"https:\/\/api.w.org\/{rel}","templated":true}]}}