{"id":112453,"date":"2025-01-12T04:36:10","date_gmt":"2025-01-12T07:36:10","guid":{"rendered":"https:\/\/laurbedigital.com.ar\/noticias\/?p=112453"},"modified":"2025-01-12T04:38:00","modified_gmt":"2025-01-12T07:38:00","slug":"los-condenados-el-primer-gran-exito-del-cine-de-terror-en-2025","status":"publish","type":"post","link":"https:\/\/laurbedigital.com.ar\/noticias\/2025\/01\/12\/los-condenados-el-primer-gran-exito-del-cine-de-terror-en-2025\/","title":{"rendered":"\u00abLos condenados\u00bb: el primer gran \u00e9xito del cine de terror en 2025"},"content":{"rendered":"<p><strong>El cine de terror sigue conquistando audiencias, y 2025 no es la excepci\u00f3n.<\/strong> La primera pel\u00edcula del g\u00e9nero estrenada este a\u00f1o, <em>Los condenados<\/em> (<em>The Damned<\/em>), ha recibido una c\u00e1lida acogida por parte de la cr\u00edtica especializada. Con un puntaje sobresaliente en plataformas como Rotten Tomatoes, la cinta reafirma la relevancia del terror en la industria, incluso frente a las dificultades que enfrenta el cine tradicional.<\/p>\n<h3><strong>Una historia inquietante y visualmente impactante<\/strong><\/h3>\n<p><em>Los condenados<\/em>, dirigida por el prometedor realizador Martin Ackerman, est\u00e1 protagonizada por Odessa Young en el papel de Eva, una viuda que administra un sitio de pesca en un remoto puerto. La trama se desencadena cuando Eva y su equipo se encuentran con una tripulaci\u00f3n de marineros naufragados, a quienes terminan asesinando tras un violento enfrentamiento. Sin embargo, sus acciones los condenan a ser perseguidos por los espectros vengativos de los marineros, desatando una mezcla de terror psicol\u00f3gico y dilemas morales.<\/p>\n<p>Con una duraci\u00f3n de 90 minutos, la pel\u00edcula no solo ofrece una narrativa inquietante, sino que tambi\u00e9n se apoya en una cinematograf\u00eda que destaca por su belleza y uso del entorno natural. Seg\u00fan los cr\u00edticos, estos elementos logran una atm\u00f3sfera que atrapa al espectador desde el inicio.<\/p>\n<h3><strong>Recepci\u00f3n cr\u00edtica y el reto de conquistar a las audiencias<\/strong><\/h3>\n<p>Aunque la cr\u00edtica especializada ha elogiado ampliamente <em>Los condenados<\/em>, se\u00f1alando su guion s\u00f3lido y las actuaciones convincentes de Young y el elenco, la recepci\u00f3n entre el p\u00fablico general ha sido m\u00e1s diversa. Mientras algunos espectadores destacan la profundidad psicol\u00f3gica de la historia, otros consideran que el ritmo pausado puede afectar la experiencia.<\/p>\n<p>A pesar de estas divisiones, los analistas coinciden en que el filme tiene el potencial de convertirse en un \u00e9xito gracias al boca a boca, especialmente en un mercado dominado por las secuelas y franquicias.<\/p>\n<h3><strong>Un panorama prometedor para el terror en 2025<\/strong><\/h3>\n<p>El 2024 marc\u00f3 un a\u00f1o brillante para el g\u00e9nero, con t\u00edtulos como <em>Sonr\u00ede 2<\/em> y <em>Alien: Romulus<\/em>, que dominaron tanto en taquilla como en cr\u00edticas. Ahora, <em>Los condenados<\/em> se suma a esta lista de producciones que muestran c\u00f3mo el terror sigue evolucionando y atrayendo tanto a la cr\u00edtica como al p\u00fablico.<\/p>\n<p>Con competidores fuertes como el esperado remake de <em>Nosferatu<\/em>, <em>Los condenados<\/em> enfrenta un desaf\u00edo importante para consolidarse en la taquilla. Sin embargo, su llegada a las plataformas de streaming podr\u00eda ser clave para asegurar una audiencia m\u00e1s amplia y consolidar su \u00e9xito.<\/p>\n<h3><strong>Un inicio prometedor<\/strong><\/h3>\n<p><em>Los condenados<\/em> es un claro ejemplo de c\u00f3mo el cine de terror puede ofrecer experiencias frescas e impactantes, incluso en un panorama saturado de franquicias. Su combinaci\u00f3n de terror psicol\u00f3gico, actuaciones destacadas y un enfoque visual atractivo la posiciona como una de las pel\u00edculas a seguir este a\u00f1o.<\/p>\n<p>\u00bfSer\u00e1 capaz de conquistar al p\u00fablico y trascender m\u00e1s all\u00e1 de las salas de cine? Solo el tiempo dir\u00e1, pero todo apunta a que <em>Los condenados<\/em> tiene los elementos necesarios para convertirse en una obra memorable dentro del g\u00e9nero.<\/p>\n","protected":false},"excerpt":{"rendered":"<p>El cine de terror sigue conquistando audiencias, y 2025 no es la excepci\u00f3n. La primera pel\u00edcula del g\u00e9nero estrenada este<\/p>\n","protected":false},"author":1,"featured_media":112454,"comment_status":"closed","ping_status":"closed","sticky":false,"template":"","format":"standard","meta":{"kia_subtitle":"La pel\u00edcula de terror \"Los condenados\" debuta con una recepci\u00f3n cr\u00edtica excepcional, abriendo con fuerza el panorama cinematogr\u00e1fico del a\u00f1o.","footnotes":"","jetpack_publicize_message":"","jetpack_publicize_feature_enabled":true,"jetpack_social_post_already_shared":true,"jetpack_social_options":{"image_generator_settings":{"template":"highway","default_image_id":0,"font":"","enabled":false},"version":2}},"categories":[2600,68],"tags":[],"class_list":["post-112453","post","type-post","status-publish","format-standard","has-post-thumbnail","hentry","category-espectaculo","category-cine-y-series"],"jetpack_publicize_connections":[],"jetpack_featured_media_url":"https:\/\/laurbedigital.com.ar\/noticias\/wp-content\/uploads\/2025\/01\/20250112-cONDENADOS.jpg","_links":{"self":[{"href":"https:\/\/laurbedigital.com.ar\/noticias\/wp-json\/wp\/v2\/posts\/112453","targetHints":{"allow":["GET"]}}],"collection":[{"href":"https:\/\/laurbedigital.com.ar\/noticias\/wp-json\/wp\/v2\/posts"}],"about":[{"href":"https:\/\/laurbedigital.com.ar\/noticias\/wp-json\/wp\/v2\/types\/post"}],"author":[{"embeddable":true,"href":"https:\/\/laurbedigital.com.ar\/noticias\/wp-json\/wp\/v2\/users\/1"}],"replies":[{"embeddable":true,"href":"https:\/\/laurbedigital.com.ar\/noticias\/wp-json\/wp\/v2\/comments?post=112453"}],"version-history":[{"count":1,"href":"https:\/\/laurbedigital.com.ar\/noticias\/wp-json\/wp\/v2\/posts\/112453\/revisions"}],"predecessor-version":[{"id":112455,"href":"https:\/\/laurbedigital.com.ar\/noticias\/wp-json\/wp\/v2\/posts\/112453\/revisions\/112455"}],"wp:featuredmedia":[{"embeddable":true,"href":"https:\/\/laurbedigital.com.ar\/noticias\/wp-json\/wp\/v2\/media\/112454"}],"wp:attachment":[{"href":"https:\/\/laurbedigital.com.ar\/noticias\/wp-json\/wp\/v2\/media?parent=112453"}],"wp:term":[{"taxonomy":"category","embeddable":true,"href":"https:\/\/laurbedigital.com.ar\/noticias\/wp-json\/wp\/v2\/categories?post=112453"},{"taxonomy":"post_tag","embeddable":true,"href":"https:\/\/laurbedigital.com.ar\/noticias\/wp-json\/wp\/v2\/tags?post=112453"}],"curies":[{"name":"wp","href":"https:\/\/api.w.org\/{rel}","templated":true}]}}