{"id":112291,"date":"2025-01-05T19:29:04","date_gmt":"2025-01-05T22:29:04","guid":{"rendered":"https:\/\/laurbedigital.com.ar\/noticias\/?p=112291"},"modified":"2025-01-05T19:33:33","modified_gmt":"2025-01-05T22:33:33","slug":"glew-una-multitud-recibio-a-los-reyes-magos-que-este-domingo-desembarcan-en-burzaco","status":"publish","type":"post","link":"https:\/\/laurbedigital.com.ar\/noticias\/2025\/01\/05\/glew-una-multitud-recibio-a-los-reyes-magos-que-este-domingo-desembarcan-en-burzaco\/","title":{"rendered":"Glew: Una multitud recibi\u00f3 a los Reyes Magos, que este domingo desembarcan en Burzaco"},"content":{"rendered":"<p>La actividad se inici\u00f3 pasadas las 18 horas con el arribo de los Reyes Magos. Fue all\u00ed que los ni\u00f1os comenzaron a entregar sus cartitas y recibieron juguetes y regalos. La celebraci\u00f3n incluy\u00f3 juegos distribuidos en la plaza y m\u00fasica para toda la familia.<\/p>\n<p>En ese marco pasadas las 19 lleg\u00f3 el Show de Jimmy y su Combo Negro. Y m\u00e1s tarde se present\u00f3 Walter Encina para alegr\u00eda de todos los presentes.<\/p>\n<p>El intendente browniano Mariano Cascallares acompa\u00f1\u00f3 a las familias que llegaron desde Glew como tambi\u00e9n de otros puntos de nuestro distrito.<\/p>\n<p><img loading=\"lazy\" decoding=\"async\" class=\"alignnone size-full wp-image-112293\" src=\"https:\/\/laurbedigital.com.ar\/noticias\/wp-content\/uploads\/2025\/01\/20250105-Brown-reyes-1.jpg\" alt=\"\" width=\"768\" height=\"428\" title=\"\" srcset=\"https:\/\/laurbedigital.com.ar\/noticias\/wp-content\/uploads\/2025\/01\/20250105-Brown-reyes-1.jpg 768w, https:\/\/laurbedigital.com.ar\/noticias\/wp-content\/uploads\/2025\/01\/20250105-Brown-reyes-1-300x167.jpg 300w\" sizes=\"auto, (max-width: 768px) 100vw, 768px\" \/><\/p>\n<div><em><strong>\u201cEs una alegr\u00eda estar junto a nuestros vecinos y especialmente con los m\u00e1s peque\u00f1os que disfrutan de los queridos Reyes Magos\u201d, indic\u00f3 el jefe comunal para agregar que \u201ceste domingo la caravana de los Reyes pasar\u00e1 primero por Burzaco y luego llegar\u00e1 a nuestra localidad de San Jos\u00e9\u201d, se\u00f1al\u00f3.<\/strong><\/em><\/div>\n<p>Mientras tanto desde la Delegaci\u00f3n Municipal de Glew se agradeci\u00f3 el acompa\u00f1amiento de las instituciones locales y de empresas como \u201cSur Finanzas\u201d.<\/p>\n<p>Este domingo Melchor, Gaspar y Baltazar partir\u00e1n a las 17,30 de la Delegaci\u00f3n Municipal de Burzaco, tomar\u00e1n las calles Yrigoyen, Asamblea y la Plaza Mastr\u00e1ngelo y luego retornar\u00e1n por la avenida Yrigoyen, Alsina, 25 de Mayo, Quintana hasta la Plaza Belgrano. Una vez all\u00ed, los\u00a0Reyes\u00a0Magos\u00a0recibir\u00e1n las cartitas de los ni\u00f1os y ni\u00f1as y repartir\u00e1n golosinas y regalos.<\/p>\n<p><img loading=\"lazy\" decoding=\"async\" class=\"alignnone size-full wp-image-112294\" src=\"https:\/\/laurbedigital.com.ar\/noticias\/wp-content\/uploads\/2025\/01\/20250105-Brown-reyes-2.jpg\" alt=\"\" width=\"768\" height=\"428\" title=\"\" srcset=\"https:\/\/laurbedigital.com.ar\/noticias\/wp-content\/uploads\/2025\/01\/20250105-Brown-reyes-2.jpg 768w, https:\/\/laurbedigital.com.ar\/noticias\/wp-content\/uploads\/2025\/01\/20250105-Brown-reyes-2-300x167.jpg 300w\" sizes=\"auto, (max-width: 768px) 100vw, 768px\" \/><\/p>\n<p>Tambi\u00e9n hoy domingo desde las 19, la caravana pasar\u00e1 tambi\u00e9n por la localidad de San Jos\u00e9. Arrancar\u00e1 en Jujuy 550 en el Club Leones y tomar\u00e1 las calles Amenedo, Salta y Rosales. Luego, regresar\u00e1n por Salta, Pasco, Eucaliptus, Juan de Garay y Jujuy, culminando nuevamente en el mencionado club de barrio.<\/p>\n<p>Por \u00faltimo ma\u00f1ana lunes 6 de enero los Reyes Magos visitar\u00e1n tambi\u00e9n m\u00e1s de 30 instituciones brownianas para acompa\u00f1ar, entregar regalitos y generar sonrisas a m\u00e1s de 3 mil ni\u00f1os de las doce localidades de Almirante Brown.<\/p>\n","protected":false},"excerpt":{"rendered":"<p>La actividad se inici\u00f3 pasadas las 18 horas con el arribo de los Reyes Magos. Fue all\u00ed que los ni\u00f1os<\/p>\n","protected":false},"author":1,"featured_media":112292,"comment_status":"closed","ping_status":"closed","sticky":false,"template":"","format":"standard","meta":{"kia_subtitle":"Cientos de vecinos y una enorme cantidad de ni\u00f1as y ni\u00f1os se reunieron ayer por la tarde en la Plaza Houssey de Glew d\u00e1ndole la bienvenida a los Reyes Magos. En ese espacio p\u00fablico, conocido tambi\u00e9n como \u201cPlaza Madre\u201d, todos disfrutaron de la visita de Melchor, Gaspar y Baltazar.","footnotes":"","jetpack_publicize_message":"","jetpack_publicize_feature_enabled":true,"jetpack_social_post_already_shared":true,"jetpack_social_options":{"image_generator_settings":{"template":"highway","default_image_id":0,"font":"","enabled":false},"version":2}},"categories":[2,33,43,50],"tags":[],"class_list":["post-112291","post","type-post","status-publish","format-standard","has-post-thumbnail","hentry","category-alte-brown","category-alte-brown-alte-brown","category-burzaco","category-glew"],"jetpack_publicize_connections":[],"jetpack_featured_media_url":"https:\/\/laurbedigital.com.ar\/noticias\/wp-content\/uploads\/2025\/01\/20250105-Brown-reyes.jpg","_links":{"self":[{"href":"https:\/\/laurbedigital.com.ar\/noticias\/wp-json\/wp\/v2\/posts\/112291","targetHints":{"allow":["GET"]}}],"collection":[{"href":"https:\/\/laurbedigital.com.ar\/noticias\/wp-json\/wp\/v2\/posts"}],"about":[{"href":"https:\/\/laurbedigital.com.ar\/noticias\/wp-json\/wp\/v2\/types\/post"}],"author":[{"embeddable":true,"href":"https:\/\/laurbedigital.com.ar\/noticias\/wp-json\/wp\/v2\/users\/1"}],"replies":[{"embeddable":true,"href":"https:\/\/laurbedigital.com.ar\/noticias\/wp-json\/wp\/v2\/comments?post=112291"}],"version-history":[{"count":6,"href":"https:\/\/laurbedigital.com.ar\/noticias\/wp-json\/wp\/v2\/posts\/112291\/revisions"}],"predecessor-version":[{"id":112300,"href":"https:\/\/laurbedigital.com.ar\/noticias\/wp-json\/wp\/v2\/posts\/112291\/revisions\/112300"}],"wp:featuredmedia":[{"embeddable":true,"href":"https:\/\/laurbedigital.com.ar\/noticias\/wp-json\/wp\/v2\/media\/112292"}],"wp:attachment":[{"href":"https:\/\/laurbedigital.com.ar\/noticias\/wp-json\/wp\/v2\/media?parent=112291"}],"wp:term":[{"taxonomy":"category","embeddable":true,"href":"https:\/\/laurbedigital.com.ar\/noticias\/wp-json\/wp\/v2\/categories?post=112291"},{"taxonomy":"post_tag","embeddable":true,"href":"https:\/\/laurbedigital.com.ar\/noticias\/wp-json\/wp\/v2\/tags?post=112291"}],"curies":[{"name":"wp","href":"https:\/\/api.w.org\/{rel}","templated":true}]}}