{"id":112282,"date":"2025-01-05T04:39:22","date_gmt":"2025-01-05T07:39:22","guid":{"rendered":"https:\/\/laurbedigital.com.ar\/noticias\/?p=112282"},"modified":"2025-01-05T04:39:22","modified_gmt":"2025-01-05T07:39:22","slug":"aumentos-de-hasta-el-4-en-autos-0km-pese-a-la-quita-del-impuesto-pais","status":"publish","type":"post","link":"https:\/\/laurbedigital.com.ar\/noticias\/2025\/01\/05\/aumentos-de-hasta-el-4-en-autos-0km-pese-a-la-quita-del-impuesto-pais\/","title":{"rendered":"Aumentos de hasta el 4% en autos 0km pese a la quita del impuesto PAIS"},"content":{"rendered":"<p>El pasado 23 de diciembre, el Gobierno elimin\u00f3 el impuesto PAIS aplicado a los veh\u00edculos, una decisi\u00f3n anunciada con bombos y platillos como una herramienta para reducir los precios de los autos 0km y fomentar el consumo en un sector clave de la econom\u00eda. Sin embargo, la realidad de enero expone un escenario opuesto: aumentos de hasta el 4% en algunos modelos, dejando a los consumidores con pocas razones para celebrar.<\/p>\n<p>El Ejecutivo plante\u00f3 la eliminaci\u00f3n del impuesto PAIS como una respuesta a las demandas de las automotrices y un beneficio directo para los ciudadanos. Sin embargo, la falta de pol\u00edticas claras y efectivas para regular el impacto de esta medida ha derivado en ajustes que parecen responder m\u00e1s a las necesidades de las empresas que a los intereses de los consumidores.<\/p>\n<p>Toyota, Ford, General Motors y Nissan, entre otras marcas, ya presentaron sus nuevas listas de precios para 2025. Aunque hubo reducciones aisladas en ciertos modelos, la mayor\u00eda de los veh\u00edculos exhiben aumentos que superan las expectativas. Este escenario no solo erosiona la confianza en las pol\u00edticas oficiales, sino que tambi\u00e9n subraya las dificultades del Gobierno para articular medidas que realmente beneficien al mercado interno.<\/p>\n<p>Toyota, por ejemplo, redujo sus precios entre un 1% y un 3% antes de que la eliminaci\u00f3n del impuesto se hiciera efectiva. Sin embargo, en enero volvi\u00f3 a subirlos, con incrementos de hasta el 2,8%. Ford y General Motors siguieron una l\u00f3gica similar: tras leves reducciones, aplicaron alzas que alcanzaron el 4% en algunos modelos importados. Estos movimientos exponen un vac\u00edo en el dise\u00f1o y control de las pol\u00edticas p\u00fablicas, que han dejado a los consumidores a merced de las estrategias comerciales de las automotrices.<\/p>\n<p>La situaci\u00f3n tambi\u00e9n desnuda un problema estructural: la falta de incentivos claros para fortalecer la producci\u00f3n nacional. A pesar de que algunos modelos fabricados localmente tienen costos menos influenciados por factores externos, la falta de planificaci\u00f3n y previsi\u00f3n por parte del Gobierno dificulta que estas ventajas se traduzcan en beneficios tangibles para el p\u00fablico.<\/p>\n","protected":false},"excerpt":{"rendered":"<p>El pasado 23 de diciembre, el Gobierno elimin\u00f3 el impuesto PAIS aplicado a los veh\u00edculos, una decisi\u00f3n anunciada con bombos<\/p>\n","protected":false},"author":1,"featured_media":103744,"comment_status":"closed","ping_status":"closed","sticky":false,"template":"","format":"standard","meta":{"kia_subtitle":"La medida que promet\u00eda aliviar los precios termin\u00f3 dejando al consumidor en el mismo lugar: enfrentando subas en enero.","footnotes":"","jetpack_publicize_message":"","jetpack_publicize_feature_enabled":true,"jetpack_social_post_already_shared":true,"jetpack_social_options":{"image_generator_settings":{"template":"highway","default_image_id":0,"font":"","enabled":false},"version":2}},"categories":[3,41],"tags":[],"class_list":["post-112282","post","type-post","status-publish","format-standard","has-post-thumbnail","hentry","category-actualidad","category-nacionales"],"jetpack_publicize_connections":[],"jetpack_featured_media_url":"https:\/\/laurbedigital.com.ar\/noticias\/wp-content\/uploads\/2024\/04\/20240406-Autos-0-km.jpg","_links":{"self":[{"href":"https:\/\/laurbedigital.com.ar\/noticias\/wp-json\/wp\/v2\/posts\/112282","targetHints":{"allow":["GET"]}}],"collection":[{"href":"https:\/\/laurbedigital.com.ar\/noticias\/wp-json\/wp\/v2\/posts"}],"about":[{"href":"https:\/\/laurbedigital.com.ar\/noticias\/wp-json\/wp\/v2\/types\/post"}],"author":[{"embeddable":true,"href":"https:\/\/laurbedigital.com.ar\/noticias\/wp-json\/wp\/v2\/users\/1"}],"replies":[{"embeddable":true,"href":"https:\/\/laurbedigital.com.ar\/noticias\/wp-json\/wp\/v2\/comments?post=112282"}],"version-history":[{"count":2,"href":"https:\/\/laurbedigital.com.ar\/noticias\/wp-json\/wp\/v2\/posts\/112282\/revisions"}],"predecessor-version":[{"id":112284,"href":"https:\/\/laurbedigital.com.ar\/noticias\/wp-json\/wp\/v2\/posts\/112282\/revisions\/112284"}],"wp:featuredmedia":[{"embeddable":true,"href":"https:\/\/laurbedigital.com.ar\/noticias\/wp-json\/wp\/v2\/media\/103744"}],"wp:attachment":[{"href":"https:\/\/laurbedigital.com.ar\/noticias\/wp-json\/wp\/v2\/media?parent=112282"}],"wp:term":[{"taxonomy":"category","embeddable":true,"href":"https:\/\/laurbedigital.com.ar\/noticias\/wp-json\/wp\/v2\/categories?post=112282"},{"taxonomy":"post_tag","embeddable":true,"href":"https:\/\/laurbedigital.com.ar\/noticias\/wp-json\/wp\/v2\/tags?post=112282"}],"curies":[{"name":"wp","href":"https:\/\/api.w.org\/{rel}","templated":true}]}}