{"id":112222,"date":"2025-01-02T00:12:54","date_gmt":"2025-01-02T03:12:54","guid":{"rendered":"https:\/\/laurbedigital.com.ar\/noticias\/?p=112222"},"modified":"2025-01-02T00:12:54","modified_gmt":"2025-01-02T03:12:54","slug":"el-impacto-de-la-discriminacion-corporal-en-la-sociedad-actual","status":"publish","type":"post","link":"https:\/\/laurbedigital.com.ar\/noticias\/2025\/01\/02\/el-impacto-de-la-discriminacion-corporal-en-la-sociedad-actual\/","title":{"rendered":"El impacto de la discriminaci\u00f3n corporal en la sociedad actual"},"content":{"rendered":"<p>La llegada del verano trae consigo un incremento en los comentarios y prejuicios sobre los cuerpos, especialmente en espacios como playas y piscinas. Seg\u00fan la Defensor\u00eda del Pueblo de la provincia de Buenos Aires, el 90% de las personas ha recibido o presenciado burlas y se\u00f1alamientos relacionados con su apariencia f\u00edsica.<\/p>\n<p>El relevamiento \u201cHablemos de diversidad corporal\u201d destac\u00f3 que estos comentarios afectan principalmente a las mujeres, con un 91% de los casos dirigidos hacia ellas. Adem\u00e1s, un 80% de los encuestados expres\u00f3 sentir verg\u00fcenza de mostrar su cuerpo en espacios p\u00fablicos, evidenciando c\u00f3mo los estereotipos de belleza limitan la libertad personal y la interacci\u00f3n social.<\/p>\n<p>La influencia de estos prejuicios va m\u00e1s all\u00e1 de lo superficial, afectando gravemente la salud emocional. Seg\u00fan el informe, 6 de cada 10 personas reconocieron que los comentarios discriminatorios impactaron negativamente en su autoestima. Estas vivencias no solo reflejan el peso de los est\u00e1ndares de belleza, sino tambi\u00e9n la necesidad urgente de cuestionarlos y promover una mayor aceptaci\u00f3n.<\/p>\n<p>Otro dato revelador es que el 53% de los encuestados consider\u00f3 necesario bajar de peso, incluso sin tener indicaciones m\u00e9dicas para ello. Esta desconexi\u00f3n entre la percepci\u00f3n corporal y la salud real evidencia c\u00f3mo los ideales sociales distorsionan la autoimagen de las personas, perpetuando inseguridades y alimentando conductas poco saludables.<\/p>\n<p>Testimonios recopilados por la Defensor\u00eda exponen la crudeza de algunos comentarios, como: \u201cPara vos no hay talle\u201d, \u201c\u00bfEso vas a comer?\u201d y \u201cSi tuvieras unos kilos menos\u2026\u201d. Frases aparentemente inofensivas que, en realidad, dejan cicatrices emocionales profundas y refuerzan la discriminaci\u00f3n.<\/p>\n<p>Alejandra L\u00f3pez, Directora de Pol\u00edticas de Igualdad de la Defensor\u00eda del Pueblo, se\u00f1al\u00f3: \u201cEstos resultados nos invitan a reflexionar sobre el impacto de los estereotipos en nuestra vida diaria y a trabajar hacia una aceptaci\u00f3n m\u00e1s inclusiva de las diversas corporalidades\u201d. Adem\u00e1s, reafirm\u00f3 el compromiso de la Defensor\u00eda con la promoci\u00f3n de derechos y la construcci\u00f3n de una sociedad libre de violencias.<\/p>\n<p>El camino hacia la aceptaci\u00f3n de la diversidad corporal requiere un cambio cultural que desaf\u00ede los prejuicios y fomente el respeto. Hablar sobre estas problem\u00e1ticas es un paso crucial para derribar los estereotipos y construir un entorno donde cada persona pueda vivir libre de discriminaci\u00f3n y verg\u00fcenza.<\/p>\n","protected":false},"excerpt":{"rendered":"<p>La llegada del verano trae consigo un incremento en los comentarios y prejuicios sobre los cuerpos, especialmente en espacios como<\/p>\n","protected":false},"author":1,"featured_media":112223,"comment_status":"closed","ping_status":"closed","sticky":false,"template":"","format":"standard","meta":{"kia_subtitle":"La mayor\u00eda de las personas ha sido blanco o testigo de comentarios negativos sobre su cuerpo. Un relevamiento reciente revela c\u00f3mo estos estereotipos afectan profundamente la vida cotidiana y la autoestima.","footnotes":"","jetpack_publicize_message":"","jetpack_publicize_feature_enabled":true,"jetpack_social_post_already_shared":true,"jetpack_social_options":{"image_generator_settings":{"template":"highway","default_image_id":0,"font":"","enabled":false},"version":2}},"categories":[3,56],"tags":[],"class_list":["post-112222","post","type-post","status-publish","format-standard","has-post-thumbnail","hentry","category-actualidad","category-buenos-aires"],"jetpack_publicize_connections":[],"jetpack_featured_media_url":"https:\/\/laurbedigital.com.ar\/noticias\/wp-content\/uploads\/2025\/01\/20250102-CUERPO-DISCRIMINACION.jpg","_links":{"self":[{"href":"https:\/\/laurbedigital.com.ar\/noticias\/wp-json\/wp\/v2\/posts\/112222","targetHints":{"allow":["GET"]}}],"collection":[{"href":"https:\/\/laurbedigital.com.ar\/noticias\/wp-json\/wp\/v2\/posts"}],"about":[{"href":"https:\/\/laurbedigital.com.ar\/noticias\/wp-json\/wp\/v2\/types\/post"}],"author":[{"embeddable":true,"href":"https:\/\/laurbedigital.com.ar\/noticias\/wp-json\/wp\/v2\/users\/1"}],"replies":[{"embeddable":true,"href":"https:\/\/laurbedigital.com.ar\/noticias\/wp-json\/wp\/v2\/comments?post=112222"}],"version-history":[{"count":1,"href":"https:\/\/laurbedigital.com.ar\/noticias\/wp-json\/wp\/v2\/posts\/112222\/revisions"}],"predecessor-version":[{"id":112224,"href":"https:\/\/laurbedigital.com.ar\/noticias\/wp-json\/wp\/v2\/posts\/112222\/revisions\/112224"}],"wp:featuredmedia":[{"embeddable":true,"href":"https:\/\/laurbedigital.com.ar\/noticias\/wp-json\/wp\/v2\/media\/112223"}],"wp:attachment":[{"href":"https:\/\/laurbedigital.com.ar\/noticias\/wp-json\/wp\/v2\/media?parent=112222"}],"wp:term":[{"taxonomy":"category","embeddable":true,"href":"https:\/\/laurbedigital.com.ar\/noticias\/wp-json\/wp\/v2\/categories?post=112222"},{"taxonomy":"post_tag","embeddable":true,"href":"https:\/\/laurbedigital.com.ar\/noticias\/wp-json\/wp\/v2\/tags?post=112222"}],"curies":[{"name":"wp","href":"https:\/\/api.w.org\/{rel}","templated":true}]}}