{"id":112207,"date":"2025-01-01T03:20:31","date_gmt":"2025-01-01T06:20:31","guid":{"rendered":"https:\/\/laurbedigital.com.ar\/noticias\/?p=112207"},"modified":"2025-01-01T03:20:31","modified_gmt":"2025-01-01T06:20:31","slug":"la-llegada-de-la-generacion-beta-un-nuevo-capitulo-tecnologico-y-social","status":"publish","type":"post","link":"https:\/\/laurbedigital.com.ar\/noticias\/2025\/01\/01\/la-llegada-de-la-generacion-beta-un-nuevo-capitulo-tecnologico-y-social\/","title":{"rendered":"La llegada de la Generaci\u00f3n Beta: un nuevo cap\u00edtulo tecnol\u00f3gico y social"},"content":{"rendered":"<p>La Generaci\u00f3n Beta se proyecta como un grupo profundamente integrado a la tecnolog\u00eda, con un impacto significativo en la sociedad global. En 2035, se espera que representen el 16% de la poblaci\u00f3n mundial, y, debido a los avances en salud y longevidad, muchos podr\u00e1n vivir hasta el siglo XXII. Seg\u00fan McCrindle, esta generaci\u00f3n experimentar\u00e1 avances tecnol\u00f3gicos como el transporte aut\u00f3nomo, dispositivos de salud port\u00e1tiles y entornos virtuales inmersivos como parte habitual de la vida cotidiana.<\/p>\n<h3><strong>Retos y oportunidades<\/strong><\/h3>\n<p>La Generaci\u00f3n Beta crecer\u00e1 en un mundo marcado por los avances tecnol\u00f3gicos, la evoluci\u00f3n de las normas sociales y el cambio clim\u00e1tico. Enfrentar\u00e1 desaf\u00edos complejos que requerir\u00e1n soluciones innovadoras y colaborativas. Esta etapa tambi\u00e9n ofrecer\u00e1 oportunidades \u00fanicas para moldear un futuro m\u00e1s sostenible e inclusivo.<\/p>\n<p>Sin embargo, la pr\u00e1ctica de etiquetar generaciones ha generado debates en el \u00e1mbito acad\u00e9mico. En 2022, el Pew Research Center decidi\u00f3 abandonar el uso de etiquetas generacionales en sus investigaciones. Argumentaron que estas categor\u00edas han sido desvirtuadas, pasando de ser herramientas anal\u00edticas a simples estrategias de marketing o clickbait. A pesar de esto, las etiquetas generacionales siguen siendo \u00fatiles cuando los datos permiten comparaciones entre cohortes en etapas similares de la vida.<\/p>\n<h3><strong>Un concepto hist\u00f3rico<\/strong><\/h3>\n<p>La clasificaci\u00f3n de generaciones tiene sus ra\u00edces en el siglo XX, con el surgimiento de la Generaci\u00f3n del Baby Boom tras la Segunda Guerra Mundial. Investigadores como Neil Howe y William Strauss popularizaron esta pr\u00e1ctica, identificando generaciones bas\u00e1ndose en eventos hist\u00f3ricos y tendencias culturales. Por su parte, Douglas Coupland acu\u00f1\u00f3 el t\u00e9rmino \u201cGeneraci\u00f3n X\u201d para describir a aquellos nacidos entre los Baby Boomers y los Millennials.<\/p>\n<p>Antes de la Generaci\u00f3n Beta, se reconocen las siguientes cohortes: la Generaci\u00f3n M\u00e1s Grande (1900-1924), la Generaci\u00f3n Silenciosa (1925-1945), los Baby Boomers (1946-1964), la Generaci\u00f3n X (1965-1979), los Millennials (1980-1994), la Generaci\u00f3n Z (1995-2012) y la Generaci\u00f3n Alfa (2010-2024).<\/p>\n","protected":false},"excerpt":{"rendered":"<p>La Generaci\u00f3n Beta se proyecta como un grupo profundamente integrado a la tecnolog\u00eda, con un impacto significativo en la sociedad<\/p>\n","protected":false},"author":1,"featured_media":112208,"comment_status":"closed","ping_status":"closed","sticky":false,"template":"","format":"standard","meta":{"kia_subtitle":"A partir del 1 de enero de 2025, el mundo presenciar\u00e1 el debut de la Generaci\u00f3n Beta, un grupo que abarcar\u00e1 a todos los nacidos hasta 2039. Este cambio marca el fin de la Generaci\u00f3n Alfa, que incluye a quienes nacieron entre 2010 y 2024, seg\u00fan el soc\u00f3logo y futurista Mark McCrindle. Reconocido por su contribuci\u00f3n en la definici\u00f3n de etiquetas generacionales, McCrindle anticipa una era de transformaciones tecnol\u00f3gicas y sociales sin precedentes.","footnotes":"","jetpack_publicize_message":"","jetpack_publicize_feature_enabled":true,"jetpack_social_post_already_shared":true,"jetpack_social_options":{"image_generator_settings":{"template":"highway","default_image_id":0,"font":"","enabled":false},"version":2}},"categories":[3,15],"tags":[],"class_list":["post-112207","post","type-post","status-publish","format-standard","has-post-thumbnail","hentry","category-actualidad","category-tendencias"],"jetpack_publicize_connections":[],"jetpack_featured_media_url":"https:\/\/laurbedigital.com.ar\/noticias\/wp-content\/uploads\/2025\/01\/20250101-Generacion-Beta.jpg","_links":{"self":[{"href":"https:\/\/laurbedigital.com.ar\/noticias\/wp-json\/wp\/v2\/posts\/112207","targetHints":{"allow":["GET"]}}],"collection":[{"href":"https:\/\/laurbedigital.com.ar\/noticias\/wp-json\/wp\/v2\/posts"}],"about":[{"href":"https:\/\/laurbedigital.com.ar\/noticias\/wp-json\/wp\/v2\/types\/post"}],"author":[{"embeddable":true,"href":"https:\/\/laurbedigital.com.ar\/noticias\/wp-json\/wp\/v2\/users\/1"}],"replies":[{"embeddable":true,"href":"https:\/\/laurbedigital.com.ar\/noticias\/wp-json\/wp\/v2\/comments?post=112207"}],"version-history":[{"count":1,"href":"https:\/\/laurbedigital.com.ar\/noticias\/wp-json\/wp\/v2\/posts\/112207\/revisions"}],"predecessor-version":[{"id":112209,"href":"https:\/\/laurbedigital.com.ar\/noticias\/wp-json\/wp\/v2\/posts\/112207\/revisions\/112209"}],"wp:featuredmedia":[{"embeddable":true,"href":"https:\/\/laurbedigital.com.ar\/noticias\/wp-json\/wp\/v2\/media\/112208"}],"wp:attachment":[{"href":"https:\/\/laurbedigital.com.ar\/noticias\/wp-json\/wp\/v2\/media?parent=112207"}],"wp:term":[{"taxonomy":"category","embeddable":true,"href":"https:\/\/laurbedigital.com.ar\/noticias\/wp-json\/wp\/v2\/categories?post=112207"},{"taxonomy":"post_tag","embeddable":true,"href":"https:\/\/laurbedigital.com.ar\/noticias\/wp-json\/wp\/v2\/tags?post=112207"}],"curies":[{"name":"wp","href":"https:\/\/api.w.org\/{rel}","templated":true}]}}