{"id":11197,"date":"2018-01-23T20:42:21","date_gmt":"2018-01-23T23:42:21","guid":{"rendered":"http:\/\/laurbedigital.com.ar\/noticias\/?p=11197"},"modified":"2018-01-23T20:42:21","modified_gmt":"2018-01-23T23:42:21","slug":"suteba-brown-alerta-cierre-carreras-institutos-educacion-superior","status":"publish","type":"post","link":"https:\/\/laurbedigital.com.ar\/noticias\/2018\/01\/23\/suteba-brown-alerta-cierre-carreras-institutos-educacion-superior\/","title":{"rendered":"SUTEBA Brown alerta el cierre de carreras de institutos de educaci\u00f3n superior"},"content":{"rendered":"<p>Seg\u00fan el sindicato, la Direcci\u00f3n de Educaci\u00f3n Superior (DES) est\u00e1 propugnando el cierre de carreras de Formaci\u00f3n Docente Inicial y Formaci\u00f3n T\u00e9cnica.<\/p>\n<p>Los cierto es que a partir de un comunicado la DES inform\u00f3 que los \u201cInstitutos que no se encuentran en el listado de aprobaci\u00f3n no podr\u00e1n realizar preinscripci\u00f3n durante el mes de febrero. Por otra parte, el comunicado anticipa que aquellos que no lleguen a cubrir el cupo de 20 durante el per\u00edodo de preinscripci\u00f3n no podr\u00e1n dar inicio al ciclo lectivo\u201d.<\/p>\n<p>El SUTEBA denunci\u00f3 que la DES con este comunicado, en consonancia con CABA, \u201cdeja en evidencia la decisi\u00f3n pol\u00edtica de impulsar el cierre de carreras en los Institutos Superiores de la provincia de Buenos Aires\u201d.<\/p>\n<p>\u201cLa resoluci\u00f3n produce graves efectos vulnerando el ejercicio de derechos de Estudiantes y Trabajadores ya que: Excluye del listado Institutos y\/o carreras, dejando a miles de estudiantes sin la posibilidad de acceso a la Educaci\u00f3n Superior, avanzando sobre el Derecho de los Trabajadores, debilitando la matr\u00edcula de los Institutos y afectando sus posibilidades de desarrollo a futuro y anticipa el cierre de aquellas carreras que no cumplan con el cupo de 20 inscriptos, desconociendo que los Institutos de Formaci\u00f3n Docente y T\u00e9cnica responden a necesidades locales de formaci\u00f3n y afectando as\u00ed una de las fortalezas de nuestro sistema formador que permite que en nuestro territorio los j\u00f3venes no deban migrar de territorio para acceder y realizar los estudios superiores\u201d, contin\u00faa el comunicado.<\/p>\n<p>El SUTEBA reclamar\u00e1 la reapertura de la preinscripci\u00f3n a todas las carreras de los Institutos aprobados por planta para la inscripci\u00f3n. De este modo, \u201cla DES desconoce las particularidades de los territorios, los tiempos necesarios para la conclusi\u00f3n de estudios secundarios y comete un atropello a las comunidades educativas y \u00f3rganos colegiados de participaci\u00f3n que planifican las propuestas educativas para cada una de las regiones educativas\u201d, finalizaron.<\/p>\n","protected":false},"excerpt":{"rendered":"<p>Seg\u00fan el sindicato, la Direcci\u00f3n de Educaci\u00f3n Superior (DES) est\u00e1 propugnando el cierre de carreras de Formaci\u00f3n Docente Inicial y<\/p>\n","protected":false},"author":1,"featured_media":11198,"comment_status":"closed","ping_status":"closed","sticky":false,"template":"","format":"standard","meta":{"kia_subtitle":"","footnotes":"","jetpack_publicize_message":"","jetpack_publicize_feature_enabled":true,"jetpack_social_post_already_shared":true,"jetpack_social_options":{"image_generator_settings":{"template":"highway","default_image_id":0,"font":"","enabled":false},"version":2}},"categories":[3,56],"tags":[],"class_list":["post-11197","post","type-post","status-publish","format-standard","has-post-thumbnail","hentry","category-actualidad","category-buenos-aires"],"jetpack_publicize_connections":[],"jetpack_featured_media_url":"https:\/\/laurbedigital.com.ar\/noticias\/wp-content\/uploads\/2018\/01\/20180123-brown4.jpg","_links":{"self":[{"href":"https:\/\/laurbedigital.com.ar\/noticias\/wp-json\/wp\/v2\/posts\/11197","targetHints":{"allow":["GET"]}}],"collection":[{"href":"https:\/\/laurbedigital.com.ar\/noticias\/wp-json\/wp\/v2\/posts"}],"about":[{"href":"https:\/\/laurbedigital.com.ar\/noticias\/wp-json\/wp\/v2\/types\/post"}],"author":[{"embeddable":true,"href":"https:\/\/laurbedigital.com.ar\/noticias\/wp-json\/wp\/v2\/users\/1"}],"replies":[{"embeddable":true,"href":"https:\/\/laurbedigital.com.ar\/noticias\/wp-json\/wp\/v2\/comments?post=11197"}],"version-history":[{"count":1,"href":"https:\/\/laurbedigital.com.ar\/noticias\/wp-json\/wp\/v2\/posts\/11197\/revisions"}],"predecessor-version":[{"id":11199,"href":"https:\/\/laurbedigital.com.ar\/noticias\/wp-json\/wp\/v2\/posts\/11197\/revisions\/11199"}],"wp:featuredmedia":[{"embeddable":true,"href":"https:\/\/laurbedigital.com.ar\/noticias\/wp-json\/wp\/v2\/media\/11198"}],"wp:attachment":[{"href":"https:\/\/laurbedigital.com.ar\/noticias\/wp-json\/wp\/v2\/media?parent=11197"}],"wp:term":[{"taxonomy":"category","embeddable":true,"href":"https:\/\/laurbedigital.com.ar\/noticias\/wp-json\/wp\/v2\/categories?post=11197"},{"taxonomy":"post_tag","embeddable":true,"href":"https:\/\/laurbedigital.com.ar\/noticias\/wp-json\/wp\/v2\/tags?post=11197"}],"curies":[{"name":"wp","href":"https:\/\/api.w.org\/{rel}","templated":true}]}}