{"id":111822,"date":"2024-12-18T02:59:06","date_gmt":"2024-12-18T05:59:06","guid":{"rendered":"https:\/\/laurbedigital.com.ar\/noticias\/?p=111822"},"modified":"2024-12-18T02:59:06","modified_gmt":"2024-12-18T05:59:06","slug":"el-derrumbe-del-consumo-de-carne-no-encuentra-fondo-record-negativo-y-pico-de-exportaciones-en-noviembre","status":"publish","type":"post","link":"https:\/\/laurbedigital.com.ar\/noticias\/2024\/12\/18\/el-derrumbe-del-consumo-de-carne-no-encuentra-fondo-record-negativo-y-pico-de-exportaciones-en-noviembre\/","title":{"rendered":"El derrumbe del consumo de carne no encuentra fondo: r\u00e9cord negativo y pico de exportaciones en noviembre"},"content":{"rendered":"<p>La mesa de los argentinos, hist\u00f3ricamente asociada al consumo de carne vacuna, atraviesa una crisis profunda. Un informe de la C\u00e1mara de la Industria y Comercio de Carnes y Derivados (Ciccra) revel\u00f3 un desplome alarmante en los niveles de consumo per c\u00e1pita, que se contrasta con un r\u00e9cord en las exportaciones del sector. La tendencia evidencia un impacto directo de la inflaci\u00f3n, la sequ\u00eda y las distorsiones en la econom\u00eda nacional.<\/p>\n<p>El informe de Ciccra se\u00f1ala que, entre enero y noviembre de 2024, el consumo aparente de carne vacuna por habitante cay\u00f3 a 47,4 kilos anuales, representando una baja del 11,1% respecto al mismo per\u00edodo de 2023. En una comparaci\u00f3n interanual, el promedio m\u00f3vil de los \u00faltimos doce meses se redujo un 12,4%, quedando en 47 kilos, el nivel m\u00e1s bajo registrado en varias d\u00e9cadas.<\/p>\n<p>En paralelo, las exportaciones marcaron un pico hist\u00f3rico, con m\u00e1s carne destinada a mercados internacionales y menos al consumo interno. Este fen\u00f3meno, impulsado por la demanda de China y otros pa\u00edses, ha reducido el peso relativo de la producci\u00f3n destinada al mercado dom\u00e9stico. \u201cLa industria prioriza la rentabilidad en d\u00f3lares, mientras que el acceso de los argentinos a un producto emblema se vuelve cada vez m\u00e1s limitado\u201d, explic\u00f3 el informe.<\/p>\n<p>En noviembre, el precio promedio de la hacienda en Ca\u00f1uelas subi\u00f3 un 7,6% respecto a octubre, alcanzando los $1.872,8 por kilo vivo. Este incremento, liderado por las categor\u00edas m\u00e1s j\u00f3venes, ocurri\u00f3 en un contexto de menor oferta, ya que el n\u00famero de cabezas ingresadas al mercado cay\u00f3 significativamente. En d\u00f3lares, el precio tambi\u00e9n registr\u00f3 un aumento del 5,4%, alcanzando su valor m\u00e1s alto en siete a\u00f1os.<\/p>\n<p>El informe tambi\u00e9n atribuye la ca\u00edda en la faena, que disminuy\u00f3 un 8,2% interanual en noviembre, a la sequ\u00eda de 2023. Esta crisis clim\u00e1tica forz\u00f3 ventas anticipadas y redujo el stock de vientres, afectando la pre\u00f1ez y la parici\u00f3n de terneros en 2024. Durante los primeros once meses del a\u00f1o, se faenaron 12,67 millones de cabezas, un 5,7% menos que en 2023, ubic\u00e1ndose en el puesto 11 entre los \u00faltimos 45 a\u00f1os.<\/p>\n","protected":false},"excerpt":{"rendered":"<p>La mesa de los argentinos, hist\u00f3ricamente asociada al consumo de carne vacuna, atraviesa una crisis profunda. Un informe de la<\/p>\n","protected":false},"author":1,"featured_media":110718,"comment_status":"closed","ping_status":"closed","sticky":false,"template":"","format":"standard","meta":{"kia_subtitle":"El consumo anual de carne vacuna per c\u00e1pita cay\u00f3 a 47,4 kilos, uno de los niveles m\u00e1s bajos en d\u00e9cadas. Mientras tanto, las exportaciones alcanzaron cifras hist\u00f3ricas, marcando un desequilibrio en el mercado interno.","footnotes":"","jetpack_publicize_message":"","jetpack_publicize_feature_enabled":true,"jetpack_social_post_already_shared":true,"jetpack_social_options":{"image_generator_settings":{"template":"highway","default_image_id":0,"font":"","enabled":false},"version":2}},"categories":[3,41],"tags":[],"class_list":["post-111822","post","type-post","status-publish","format-standard","has-post-thumbnail","hentry","category-actualidad","category-nacionales"],"jetpack_publicize_connections":[],"jetpack_featured_media_url":"https:\/\/laurbedigital.com.ar\/noticias\/wp-content\/uploads\/2024\/11\/20241106-Carne-Cortes.jpg","_links":{"self":[{"href":"https:\/\/laurbedigital.com.ar\/noticias\/wp-json\/wp\/v2\/posts\/111822","targetHints":{"allow":["GET"]}}],"collection":[{"href":"https:\/\/laurbedigital.com.ar\/noticias\/wp-json\/wp\/v2\/posts"}],"about":[{"href":"https:\/\/laurbedigital.com.ar\/noticias\/wp-json\/wp\/v2\/types\/post"}],"author":[{"embeddable":true,"href":"https:\/\/laurbedigital.com.ar\/noticias\/wp-json\/wp\/v2\/users\/1"}],"replies":[{"embeddable":true,"href":"https:\/\/laurbedigital.com.ar\/noticias\/wp-json\/wp\/v2\/comments?post=111822"}],"version-history":[{"count":2,"href":"https:\/\/laurbedigital.com.ar\/noticias\/wp-json\/wp\/v2\/posts\/111822\/revisions"}],"predecessor-version":[{"id":111824,"href":"https:\/\/laurbedigital.com.ar\/noticias\/wp-json\/wp\/v2\/posts\/111822\/revisions\/111824"}],"wp:featuredmedia":[{"embeddable":true,"href":"https:\/\/laurbedigital.com.ar\/noticias\/wp-json\/wp\/v2\/media\/110718"}],"wp:attachment":[{"href":"https:\/\/laurbedigital.com.ar\/noticias\/wp-json\/wp\/v2\/media?parent=111822"}],"wp:term":[{"taxonomy":"category","embeddable":true,"href":"https:\/\/laurbedigital.com.ar\/noticias\/wp-json\/wp\/v2\/categories?post=111822"},{"taxonomy":"post_tag","embeddable":true,"href":"https:\/\/laurbedigital.com.ar\/noticias\/wp-json\/wp\/v2\/tags?post=111822"}],"curies":[{"name":"wp","href":"https:\/\/api.w.org\/{rel}","templated":true}]}}