{"id":111621,"date":"2024-12-11T01:15:21","date_gmt":"2024-12-11T04:15:21","guid":{"rendered":"https:\/\/laurbedigital.com.ar\/noticias\/?p=111621"},"modified":"2024-12-11T01:15:21","modified_gmt":"2024-12-11T04:15:21","slug":"autoservicios-las-ventas-cayeron-en-noviembre-mientras-los-precios-continuan-en-alza","status":"publish","type":"post","link":"https:\/\/laurbedigital.com.ar\/noticias\/2024\/12\/11\/autoservicios-las-ventas-cayeron-en-noviembre-mientras-los-precios-continuan-en-alza\/","title":{"rendered":"Autoservicios: las ventas cayeron en noviembre mientras los precios contin\u00faan en alza"},"content":{"rendered":"<p>El consumo en autoservicios mostr\u00f3 un nuevo retroceso en noviembre, seg\u00fan un relevamiento realizado por Scanntech. Mientras las ventas disminuyeron un 0,7% en el \u00c1rea Metropolitana de Buenos Aires (AMBA), los precios de los productos b\u00e1sicos continuaron su tendencia alcista, con un aumento del 2,8% mensual y un acumulado interanual del 141,3%.<\/p>\n<p>El informe de Scanntech, basado en el an\u00e1lisis de m\u00e1s de 3,6 millones de tickets de compra procesados en autoservicios, destaca que la ca\u00edda del consumo no solo se limita al AMBA. En el interior del pa\u00eds, el descenso fue a\u00fan mayor, con un 1,4% en comparaci\u00f3n con el mes anterior.<\/p>\n<p>El desempe\u00f1o vari\u00f3 seg\u00fan el formato de autoservicio: mientras los locales medianos lograron un incremento del consumo del 1,6%, los autoservicios independientes enfrentaron una ca\u00edda m\u00e1s pronunciada, con un retroceso del 1,5%. Esta segmentaci\u00f3n refleja las diferencias en la din\u00e1mica comercial seg\u00fan el tama\u00f1o y alcance de los puntos de venta.<\/p>\n<p>En cuanto a la inflaci\u00f3n mensual, las bebidas encabezaron los aumentos con un 3,3%, mientras que otros productos esenciales, como alimentos, higiene personal y art\u00edculos de limpieza, tambi\u00e9n registraron subas considerables. Sin embargo, algunas categor\u00edas puntuales presentaron una leve retracci\u00f3n en sus precios: harinas (-2,1%), lavandinas (-2,4%), papel higi\u00e9nico (-0,2%) y limpiadores (-0,8%). Estos ajustes no alcanzaron a compensar la presi\u00f3n general de la inflaci\u00f3n sobre el poder adquisitivo de los consumidores.<\/p>\n<p>La ca\u00edda del consumo en autoservicios se enmarca en un contexto de inflaci\u00f3n persistente y p\u00e9rdida de poder adquisitivo de los hogares argentinos. Con un aumento de precios interanual del 141,3%, muchas familias enfrentan dificultades para mantener sus niveles de consumo habituales, incluso en productos esenciales.<\/p>\n<p>Adem\u00e1s, la diferencia en el desempe\u00f1o entre los formatos medianos y los independientes evidencia un cambio en los h\u00e1bitos de compra, con consumidores buscando precios m\u00e1s competitivos o formatos que ofrezcan mayores promociones y descuentos.<\/p>\n<p>La ca\u00edda del consumo y el aumento sostenido de los precios reflejan las tensiones econ\u00f3micas que enfrenta el pa\u00eds. Si bien algunos productos muestran leves bajas en sus valores, estas no logran equilibrar el impacto inflacionario general. Con una inflaci\u00f3n interanual que supera el 140%, el desaf\u00edo para el sector y para la econom\u00eda en general es revertir la contracci\u00f3n del consumo y garantizar el acceso de los hogares a los productos b\u00e1sicos.<\/p>\n","protected":false},"excerpt":{"rendered":"<p>El consumo en autoservicios mostr\u00f3 un nuevo retroceso en noviembre, seg\u00fan un relevamiento realizado por Scanntech. Mientras las ventas disminuyeron<\/p>\n","protected":false},"author":1,"featured_media":109124,"comment_status":"closed","ping_status":"closed","sticky":false,"template":"","format":"standard","meta":{"kia_subtitle":"El consumo en el \u00c1rea Metropolitana de Buenos Aires retrocedi\u00f3 un 0,7%, acompa\u00f1ado por un aumento del 2,8% en los precios de la canasta b\u00e1sica.","footnotes":"","jetpack_publicize_message":"","jetpack_publicize_feature_enabled":true,"jetpack_social_post_already_shared":true,"jetpack_social_options":{"image_generator_settings":{"template":"highway","default_image_id":0,"font":"","enabled":false},"version":2}},"categories":[3,13],"tags":[],"class_list":["post-111621","post","type-post","status-publish","format-standard","has-post-thumbnail","hentry","category-actualidad","category-region"],"jetpack_publicize_connections":[],"jetpack_featured_media_url":"https:\/\/laurbedigital.com.ar\/noticias\/wp-content\/uploads\/2024\/09\/20240926-0-mayorista.jpg","_links":{"self":[{"href":"https:\/\/laurbedigital.com.ar\/noticias\/wp-json\/wp\/v2\/posts\/111621","targetHints":{"allow":["GET"]}}],"collection":[{"href":"https:\/\/laurbedigital.com.ar\/noticias\/wp-json\/wp\/v2\/posts"}],"about":[{"href":"https:\/\/laurbedigital.com.ar\/noticias\/wp-json\/wp\/v2\/types\/post"}],"author":[{"embeddable":true,"href":"https:\/\/laurbedigital.com.ar\/noticias\/wp-json\/wp\/v2\/users\/1"}],"replies":[{"embeddable":true,"href":"https:\/\/laurbedigital.com.ar\/noticias\/wp-json\/wp\/v2\/comments?post=111621"}],"version-history":[{"count":1,"href":"https:\/\/laurbedigital.com.ar\/noticias\/wp-json\/wp\/v2\/posts\/111621\/revisions"}],"predecessor-version":[{"id":111622,"href":"https:\/\/laurbedigital.com.ar\/noticias\/wp-json\/wp\/v2\/posts\/111621\/revisions\/111622"}],"wp:featuredmedia":[{"embeddable":true,"href":"https:\/\/laurbedigital.com.ar\/noticias\/wp-json\/wp\/v2\/media\/109124"}],"wp:attachment":[{"href":"https:\/\/laurbedigital.com.ar\/noticias\/wp-json\/wp\/v2\/media?parent=111621"}],"wp:term":[{"taxonomy":"category","embeddable":true,"href":"https:\/\/laurbedigital.com.ar\/noticias\/wp-json\/wp\/v2\/categories?post=111621"},{"taxonomy":"post_tag","embeddable":true,"href":"https:\/\/laurbedigital.com.ar\/noticias\/wp-json\/wp\/v2\/tags?post=111621"}],"curies":[{"name":"wp","href":"https:\/\/api.w.org\/{rel}","templated":true}]}}