{"id":111604,"date":"2024-12-11T00:33:56","date_gmt":"2024-12-11T03:33:56","guid":{"rendered":"https:\/\/laurbedigital.com.ar\/noticias\/?p=111604"},"modified":"2024-12-11T00:33:56","modified_gmt":"2024-12-11T03:33:56","slug":"los-hermanos-kiczka-enfrentaran-juicio-por-abuso-sexual-infantil","status":"publish","type":"post","link":"https:\/\/laurbedigital.com.ar\/noticias\/2024\/12\/11\/los-hermanos-kiczka-enfrentaran-juicio-por-abuso-sexual-infantil\/","title":{"rendered":"Los hermanos Kiczka enfrentar\u00e1n juicio por abuso sexual infantil"},"content":{"rendered":"<p>La fiscal Silvia Barronis present\u00f3 formalmente la solicitud de elevaci\u00f3n a juicio de Germ\u00e1n y Sebasti\u00e1n Kiczka, acusados de producir, poseer y distribuir material de abuso sexual infantil. El caso, que incluye m\u00e1s de 913 archivos ilegales y una denuncia de abuso sexual contra Sebasti\u00e1n, ha generado indignaci\u00f3n en la provincia de Misiones y pone en foco la lucha contra estos delitos aberrantes.<\/p>\n<h3><strong>Avance del proceso judicial<\/strong><\/h3>\n<p>La fiscal\u00eda entreg\u00f3 un requerimiento que detalla pruebas contundentes. La defensa de los acusados tiene diez d\u00edas para responder; si se opone, el juez Miguel \u00c1ngel Far\u00eda decidir\u00e1 si procede la elevaci\u00f3n a juicio. En ausencia de apelaciones, el caso ser\u00e1 tratado por el Tribunal Oral en un debate privado debido a la sensibilidad de los delitos.<\/p>\n<p>Desde agosto, ambos hermanos permanecen detenidos tras ser imputados por tenencia y distribuci\u00f3n de material de abuso infantil. Las investigaciones revelaron un patr\u00f3n sistem\u00e1tico en la captaci\u00f3n y distribuci\u00f3n de contenido il\u00edcito, adem\u00e1s de un posible abuso sexual.<\/p>\n<h3><strong>Pericias psicol\u00f3gicas y evidencia clave<\/strong><\/h3>\n<p>Informes realizados por peritos judiciales y la Secretar\u00eda de Apoyo a Investigaciones Complejas (SAIC) se\u00f1alan graves indicadores psicol\u00f3gicos. En el caso de Germ\u00e1n Kiczka, se detect\u00f3 una inclinaci\u00f3n a la pedofilia y patrones sistem\u00e1ticos de consumo y distribuci\u00f3n de material ilegal. Los archivos incautados contienen im\u00e1genes expl\u00edcitas de menores de 13 a\u00f1os en situaciones no consentidas.<\/p>\n<p>Sebasti\u00e1n Kiczka, por su parte, presenta un perfil psicol\u00f3gico complejo con rasgos depresivos, paranoides y esquizot\u00edpicos. Las pericias tambi\u00e9n indicaron posibles trastornos sexuales no exclusivos, sumando gravedad al caso.<\/p>\n<h3><strong>Implicancias pol\u00edticas y sociales<\/strong><\/h3>\n<p>El caso adquiere mayor resonancia por la figura de Germ\u00e1n Kiczka, exdiputado y conocido dirigente pol\u00edtico. Las pruebas incluyen su participaci\u00f3n en un grupo de WhatsApp denominado \u201cLos Cigarros\u201d, donde se compart\u00edan contenidos ilegales. Este grupo involucra tambi\u00e9n a empleados de una f\u00e1brica vinculada a Pedro Puerta, lo que genera cuestionamientos sobre la connivencia en esferas de poder.<\/p>\n<h3><strong>Impacto y expectativa judicial<\/strong><\/h3>\n<p>La gravedad de los delitos y la relevancia pol\u00edtica de los acusados generan expectativa sobre el avance del juicio. Misiones sigue de cerca el desenlace, mientras activistas y organismos de derechos humanos demandan justicia r\u00e1pida y efectiva.<\/p>\n<p>El caso de los hermanos Kiczka es un recordatorio alarmante de la necesidad de fortalecer las pol\u00edticas de protecci\u00f3n infantil y de garantizar que el peso de la ley alcance a todos, independientemente de su influencia o poder. La sociedad espera que este juicio sea un hito en la lucha contra los delitos sexuales y el abuso de menores.<\/p>\n","protected":false},"excerpt":{"rendered":"<p>La fiscal Silvia Barronis present\u00f3 formalmente la solicitud de elevaci\u00f3n a juicio de Germ\u00e1n y Sebasti\u00e1n Kiczka, acusados de producir,<\/p>\n","protected":false},"author":1,"featured_media":108273,"comment_status":"closed","ping_status":"closed","sticky":false,"template":"","format":"standard","meta":{"kia_subtitle":"El caso conmociona a Misiones y expone la gravedad de los delitos sexuales en la esfera pol\u00edtica.","footnotes":"","jetpack_publicize_message":"","jetpack_publicize_feature_enabled":true,"jetpack_social_post_already_shared":true,"jetpack_social_options":{"image_generator_settings":{"template":"highway","default_image_id":0,"font":"","enabled":false},"version":2}},"categories":[8],"tags":[],"class_list":["post-111604","post","type-post","status-publish","format-standard","has-post-thumbnail","hentry","category-policiales"],"jetpack_publicize_connections":[],"jetpack_featured_media_url":"https:\/\/laurbedigital.com.ar\/noticias\/wp-content\/uploads\/2024\/08\/202408028-Kiczka.jpg","_links":{"self":[{"href":"https:\/\/laurbedigital.com.ar\/noticias\/wp-json\/wp\/v2\/posts\/111604","targetHints":{"allow":["GET"]}}],"collection":[{"href":"https:\/\/laurbedigital.com.ar\/noticias\/wp-json\/wp\/v2\/posts"}],"about":[{"href":"https:\/\/laurbedigital.com.ar\/noticias\/wp-json\/wp\/v2\/types\/post"}],"author":[{"embeddable":true,"href":"https:\/\/laurbedigital.com.ar\/noticias\/wp-json\/wp\/v2\/users\/1"}],"replies":[{"embeddable":true,"href":"https:\/\/laurbedigital.com.ar\/noticias\/wp-json\/wp\/v2\/comments?post=111604"}],"version-history":[{"count":2,"href":"https:\/\/laurbedigital.com.ar\/noticias\/wp-json\/wp\/v2\/posts\/111604\/revisions"}],"predecessor-version":[{"id":111606,"href":"https:\/\/laurbedigital.com.ar\/noticias\/wp-json\/wp\/v2\/posts\/111604\/revisions\/111606"}],"wp:featuredmedia":[{"embeddable":true,"href":"https:\/\/laurbedigital.com.ar\/noticias\/wp-json\/wp\/v2\/media\/108273"}],"wp:attachment":[{"href":"https:\/\/laurbedigital.com.ar\/noticias\/wp-json\/wp\/v2\/media?parent=111604"}],"wp:term":[{"taxonomy":"category","embeddable":true,"href":"https:\/\/laurbedigital.com.ar\/noticias\/wp-json\/wp\/v2\/categories?post=111604"},{"taxonomy":"post_tag","embeddable":true,"href":"https:\/\/laurbedigital.com.ar\/noticias\/wp-json\/wp\/v2\/tags?post=111604"}],"curies":[{"name":"wp","href":"https:\/\/api.w.org\/{rel}","templated":true}]}}