{"id":111447,"date":"2024-12-05T03:11:11","date_gmt":"2024-12-05T06:11:11","guid":{"rendered":"https:\/\/laurbedigital.com.ar\/noticias\/?p=111447"},"modified":"2024-12-05T03:11:11","modified_gmt":"2024-12-05T06:11:11","slug":"anibal-lotocki-solicita-arresto-domiciliario-por-la-salud-de-su-hija","status":"publish","type":"post","link":"https:\/\/laurbedigital.com.ar\/noticias\/2024\/12\/05\/anibal-lotocki-solicita-arresto-domiciliario-por-la-salud-de-su-hija\/","title":{"rendered":"An\u00edbal Lotocki solicita arresto domiciliario por la salud de su hija"},"content":{"rendered":"<p>An\u00edbal Lotocki, conocido cirujano y figura pol\u00e9mica en el \u00e1mbito m\u00e9dico, ha solicitado a la justicia cumplir su arresto en su domicilio, argumentando razones de salud relacionadas con su hija. La solicitud, presentada desde el 29 de noviembre, a\u00fan no ha sido resuelta por el tribunal que lo conden\u00f3, extendiendo la incertidumbre sobre su situaci\u00f3n legal.<\/p>\n<h3><strong>Una situaci\u00f3n familiar compleja<\/strong><\/h3>\n<p>La petici\u00f3n de Lotocki surge tras conocerse que su hija hab\u00eda manifestado en su escuela sufrir violencia por parte de su madre y padrastro. Este testimonio motiv\u00f3 la intervenci\u00f3n del Consejo de Derechos del Ni\u00f1o, que decidi\u00f3 otorgar la tutela de la menor a Mar\u00eda Jos\u00e9 Favaron, conocida como Majo. Esta medida excepcional agrega un matiz humanitario al pedido del cirujano, aunque su resoluci\u00f3n depende de factores legales m\u00e1s amplios.<\/p>\n<h3><strong>Avances en causas judiciales paralelas<\/strong><\/h3>\n<p>Mientras se define su situaci\u00f3n personal, Lotocki sigue involucrado en procesos judiciales. La Fiscal\u00eda Nacional en lo Criminal y Correccional N\u00b01 solicit\u00f3 recientemente la elevaci\u00f3n a juicio oral de Andrea Isabel Torelli, directora de la cl\u00ednica donde operaba Lotocki, y de otros cuatro m\u00e9dicos por el homicidio de Rodolfo Christian Z\u00e1rate, ocurrido en abril de 2021.<\/p>\n<p>El fiscal Pablo Recchini, a cargo del caso, acusa a los implicados de homicidio simple con dolo eventual, argumentando que los m\u00e9dicos y la directora actuaron con negligencia al no prever el desenlace fatal. Adem\u00e1s, una instrumentadora quir\u00fargica enfrenta cargos por encubrimiento, ampliando el espectro de responsabilidades en torno a este caso.<\/p>\n<h3><strong>Una historia cl\u00ednica alterada<\/strong><\/h3>\n<p>En paralelo, el Ministerio P\u00fablico Fiscal hab\u00eda solicitado en 2023 que Lotocki fuera llevado a juicio oral por el mismo caso, acus\u00e1ndolo de alterar la historia cl\u00ednica del paciente fallecido. Estas acusaciones refuerzan la gravedad de las imputaciones contra el cirujano y el equipo m\u00e9dico de la cl\u00ednica Cemeco.<\/p>\n<h3><strong>Expectativa por los fallos judiciales<\/strong><\/h3>\n<p>El caso de Lotocki combina elementos familiares, \u00e9ticos y judiciales que mantienen en vilo a la opini\u00f3n p\u00fablica. Si bien el pedido de arresto domiciliario est\u00e1 sustentado en razones personales, su historial legal complica las decisiones judiciales. Los pr\u00f3ximos fallos determinar\u00e1n no solo su situaci\u00f3n inmediata, sino tambi\u00e9n el desenlace de las graves acusaciones que enfrenta en relaci\u00f3n con su pr\u00e1ctica profesional.<\/p>\n","protected":false},"excerpt":{"rendered":"<p>An\u00edbal Lotocki, conocido cirujano y figura pol\u00e9mica en el \u00e1mbito m\u00e9dico, ha solicitado a la justicia cumplir su arresto en<\/p>\n","protected":false},"author":1,"featured_media":95180,"comment_status":"closed","ping_status":"closed","sticky":false,"template":"","format":"standard","meta":{"kia_subtitle":"El cirujano enfrenta un nuevo cap\u00edtulo judicial mientras la Fiscal\u00eda avanza con otras causas relacionadas con su pr\u00e1ctica m\u00e9dica.","footnotes":"","jetpack_publicize_message":"","jetpack_publicize_feature_enabled":true,"jetpack_social_post_already_shared":true,"jetpack_social_options":{"image_generator_settings":{"template":"highway","default_image_id":0,"font":"","enabled":false},"version":2}},"categories":[8],"tags":[],"class_list":["post-111447","post","type-post","status-publish","format-standard","has-post-thumbnail","hentry","category-policiales"],"jetpack_publicize_connections":[],"jetpack_featured_media_url":"https:\/\/laurbedigital.com.ar\/noticias\/wp-content\/uploads\/2023\/09\/20230901-lotocki.jpg","_links":{"self":[{"href":"https:\/\/laurbedigital.com.ar\/noticias\/wp-json\/wp\/v2\/posts\/111447","targetHints":{"allow":["GET"]}}],"collection":[{"href":"https:\/\/laurbedigital.com.ar\/noticias\/wp-json\/wp\/v2\/posts"}],"about":[{"href":"https:\/\/laurbedigital.com.ar\/noticias\/wp-json\/wp\/v2\/types\/post"}],"author":[{"embeddable":true,"href":"https:\/\/laurbedigital.com.ar\/noticias\/wp-json\/wp\/v2\/users\/1"}],"replies":[{"embeddable":true,"href":"https:\/\/laurbedigital.com.ar\/noticias\/wp-json\/wp\/v2\/comments?post=111447"}],"version-history":[{"count":2,"href":"https:\/\/laurbedigital.com.ar\/noticias\/wp-json\/wp\/v2\/posts\/111447\/revisions"}],"predecessor-version":[{"id":111449,"href":"https:\/\/laurbedigital.com.ar\/noticias\/wp-json\/wp\/v2\/posts\/111447\/revisions\/111449"}],"wp:featuredmedia":[{"embeddable":true,"href":"https:\/\/laurbedigital.com.ar\/noticias\/wp-json\/wp\/v2\/media\/95180"}],"wp:attachment":[{"href":"https:\/\/laurbedigital.com.ar\/noticias\/wp-json\/wp\/v2\/media?parent=111447"}],"wp:term":[{"taxonomy":"category","embeddable":true,"href":"https:\/\/laurbedigital.com.ar\/noticias\/wp-json\/wp\/v2\/categories?post=111447"},{"taxonomy":"post_tag","embeddable":true,"href":"https:\/\/laurbedigital.com.ar\/noticias\/wp-json\/wp\/v2\/tags?post=111447"}],"curies":[{"name":"wp","href":"https:\/\/api.w.org\/{rel}","templated":true}]}}