{"id":111424,"date":"2024-12-04T01:38:03","date_gmt":"2024-12-04T04:38:03","guid":{"rendered":"https:\/\/laurbedigital.com.ar\/noticias\/?p=111424"},"modified":"2024-12-04T01:38:03","modified_gmt":"2024-12-04T04:38:03","slug":"luz-y-gas-el-fin-de-los-subsidios-y-su-impacto-en-el-bolsillo-argentino","status":"publish","type":"post","link":"https:\/\/laurbedigital.com.ar\/noticias\/2024\/12\/04\/luz-y-gas-el-fin-de-los-subsidios-y-su-impacto-en-el-bolsillo-argentino\/","title":{"rendered":"Luz y gas: el fin de los subsidios y su impacto en el bolsillo argentino"},"content":{"rendered":"<p>En una nueva avanzada hacia el equilibrio fiscal, el Gobierno libertario confirm\u00f3 la eliminaci\u00f3n de los subsidios a la energ\u00eda el\u00e9ctrica y al gas, un ajuste que se sentir\u00e1 con mayor fuerza en las tarifas a partir de mayo del pr\u00f3ximo a\u00f1o. La Resoluci\u00f3n 384\/2024, publicada en el Bolet\u00edn Oficial, establece que el esquema de segmentaci\u00f3n por ingresos se mantendr\u00e1 hasta abril, cuando se implementar\u00e1 un modelo focalizado a\u00fan en desarrollo.<\/p>\n<p>La Secretar\u00eda de Energ\u00eda fundament\u00f3 la decisi\u00f3n como parte de la pol\u00edtica de d\u00e9ficit cero y desinflaci\u00f3n impulsada por el Ministerio de Econom\u00eda. Seg\u00fan el Gobierno, el nuevo esquema buscar\u00e1 subsidiar \u00fanicamente a los sectores m\u00e1s vulnerables, eliminando las ayudas generalizadas que hasta ahora beneficiaban a gran parte de la poblaci\u00f3n.<\/p>\n<p>Actualmente, el sistema de segmentaci\u00f3n divide a los usuarios en niveles seg\u00fan su capacidad de pago. Sin embargo, los incrementos progresivos ya han golpeado a las familias de ingresos medios y bajos, muchas de las cuales recurren a tarjetas de cr\u00e9dito para cubrir las facturas de servicios esenciales. Con la quita total de los subsidios, se anticipa un impacto a\u00fan m\u00e1s severo en los presupuestos familiares, especialmente en el contexto de salarios que no alcanzan a cubrir la canasta b\u00e1sica.<\/p>\n<p>La eliminaci\u00f3n de subsidios no solo responde a los compromisos de reducci\u00f3n del d\u00e9ficit fiscal asumidos por el Gobierno, sino tambi\u00e9n a su filosof\u00eda de achicamiento del Estado. Esta medida se suma a otras iniciativas pol\u00e9micas, como la eliminaci\u00f3n de la cobertura de medicamentos para jubilados, lo que ha generado cr\u00edticas desde diversos sectores pol\u00edticos y sociales.<\/p>\n<p>Mar\u00eda Tettamanti, titular de la Secretar\u00eda de Energ\u00eda, explic\u00f3 que el nuevo esquema focalizado est\u00e1 en proceso de dise\u00f1o. No obstante, los detalles sobre qui\u00e9nes ser\u00e1n los beneficiarios, c\u00f3mo se implementar\u00e1 y cu\u00e1les ser\u00e1n las tarifas definitivas a\u00fan no se han esclarecido. Esto genera incertidumbre tanto entre los usuarios como en las empresas distribuidoras de energ\u00eda, que ya prev\u00e9n dificultades en el cobro de las facturas.<\/p>\n<p>La decisi\u00f3n de eliminar los subsidios a la luz y al gas marca un cambio dr\u00e1stico en la pol\u00edtica energ\u00e9tica argentina, con profundas implicancias sociales y econ\u00f3micas. Aunque el Gobierno argumenta que es un paso necesario para alcanzar la sostenibilidad fiscal, el impacto directo en el costo de vida de la poblaci\u00f3n podr\u00eda derivar en un mayor descontento social. Con las tarifas energ\u00e9ticas en ascenso y la inflaci\u00f3n persistente, la pregunta que surge es si los sectores m\u00e1s vulnerables tendr\u00e1n la capacidad de afrontar este nuevo escenario.<\/p>\n","protected":false},"excerpt":{"rendered":"<p>En una nueva avanzada hacia el equilibrio fiscal, el Gobierno libertario confirm\u00f3 la eliminaci\u00f3n de los subsidios a la energ\u00eda<\/p>\n","protected":false},"author":1,"featured_media":109255,"comment_status":"closed","ping_status":"closed","sticky":false,"template":"","format":"standard","meta":{"kia_subtitle":"El Gobierno de Javier Milei anunci\u00f3 el fin total de los subsidios a la luz y al gas a partir de mayo de 2024. La medida, enmarcada en la pol\u00edtica de d\u00e9ficit cero, anticipa fuertes aumentos en las tarifas de servicios esenciales.","footnotes":"","jetpack_publicize_message":"","jetpack_publicize_feature_enabled":true,"jetpack_social_post_already_shared":true,"jetpack_social_options":{"image_generator_settings":{"template":"highway","default_image_id":0,"font":"","enabled":false},"version":2}},"categories":[3,41],"tags":[],"class_list":["post-111424","post","type-post","status-publish","format-standard","has-post-thumbnail","hentry","category-actualidad","category-nacionales"],"jetpack_publicize_connections":[],"jetpack_featured_media_url":"https:\/\/laurbedigital.com.ar\/noticias\/wp-content\/uploads\/2024\/09\/20240930-luz-gas-tarifas-aumentos.jpg","_links":{"self":[{"href":"https:\/\/laurbedigital.com.ar\/noticias\/wp-json\/wp\/v2\/posts\/111424","targetHints":{"allow":["GET"]}}],"collection":[{"href":"https:\/\/laurbedigital.com.ar\/noticias\/wp-json\/wp\/v2\/posts"}],"about":[{"href":"https:\/\/laurbedigital.com.ar\/noticias\/wp-json\/wp\/v2\/types\/post"}],"author":[{"embeddable":true,"href":"https:\/\/laurbedigital.com.ar\/noticias\/wp-json\/wp\/v2\/users\/1"}],"replies":[{"embeddable":true,"href":"https:\/\/laurbedigital.com.ar\/noticias\/wp-json\/wp\/v2\/comments?post=111424"}],"version-history":[{"count":1,"href":"https:\/\/laurbedigital.com.ar\/noticias\/wp-json\/wp\/v2\/posts\/111424\/revisions"}],"predecessor-version":[{"id":111425,"href":"https:\/\/laurbedigital.com.ar\/noticias\/wp-json\/wp\/v2\/posts\/111424\/revisions\/111425"}],"wp:featuredmedia":[{"embeddable":true,"href":"https:\/\/laurbedigital.com.ar\/noticias\/wp-json\/wp\/v2\/media\/109255"}],"wp:attachment":[{"href":"https:\/\/laurbedigital.com.ar\/noticias\/wp-json\/wp\/v2\/media?parent=111424"}],"wp:term":[{"taxonomy":"category","embeddable":true,"href":"https:\/\/laurbedigital.com.ar\/noticias\/wp-json\/wp\/v2\/categories?post=111424"},{"taxonomy":"post_tag","embeddable":true,"href":"https:\/\/laurbedigital.com.ar\/noticias\/wp-json\/wp\/v2\/tags?post=111424"}],"curies":[{"name":"wp","href":"https:\/\/api.w.org\/{rel}","templated":true}]}}