{"id":111260,"date":"2024-11-28T20:34:57","date_gmt":"2024-11-28T23:34:57","guid":{"rendered":"https:\/\/laurbedigital.com.ar\/noticias\/?p=111260"},"modified":"2024-11-28T20:34:57","modified_gmt":"2024-11-28T23:34:57","slug":"la-carne-sube-impacto-en-el-consumo-y-en-las-exportaciones-record","status":"publish","type":"post","link":"https:\/\/laurbedigital.com.ar\/noticias\/2024\/11\/28\/la-carne-sube-impacto-en-el-consumo-y-en-las-exportaciones-record\/","title":{"rendered":"La carne sube: impacto en el consumo y en las exportaciones r\u00e9cord"},"content":{"rendered":"<p>Este ajuste, en parte, responde a una \u00abrecomposici\u00f3n\u00bb dentro de la cadena de producci\u00f3n, impulsada por la expectativa de las fiestas, condiciones clim\u00e1ticas desfavorables y una oferta ajustada de hacienda.<\/p>\n<p>Sergio Pedace, vicepresidente de la C\u00e1mara de Matarifes y Abastecedores (Camya), afirm\u00f3 que los nuevos valores ya se reflejan en la venta al p\u00fablico, aunque queda por ver si los consumidores aceptan esta suba. En este contexto, el Instituto de Promoci\u00f3n de la Carne Vacuna Argentina (Ipcva) destac\u00f3 que los precios acumularon un aumento del 33% hasta octubre, muy por debajo del 107% de inflaci\u00f3n general en el mismo periodo.<\/p>\n<p>El consumo interno de carne vacuna contin\u00faa en baja, con una ca\u00edda estimada del 11,3% respecto al 2023, seg\u00fan la C\u00e1mara de la Industria y Comercio de Carnes y Derivados (Ciccra). Miguel Schiariti, presidente de la entidad, atribuye este descenso a una combinaci\u00f3n de factores: la p\u00e9rdida del poder adquisitivo, que restringe el gasto de los hogares, y la competencia con carnes m\u00e1s econ\u00f3micas, como pollo y cerdo.<\/p>\n<p>Un kilo de carne vacuna puede costar lo mismo que tres kilos de pollo o dos de cerdo, lo que explica la inclinaci\u00f3n de los consumidores hacia estas alternativas m\u00e1s accesibles. Schiariti tambi\u00e9n subray\u00f3 que el aumento del precio de la carne (27% en lo que va del a\u00f1o) est\u00e1 muy por debajo de la inflaci\u00f3n acumulada (64%), reflejando el impacto de los bajos salarios en el consumo.<\/p>\n<p>En contraste con la ca\u00edda del consumo interno, las exportaciones de carne alcanzaron cifras hist\u00f3ricas. Entre enero y septiembre de 2024, se registr\u00f3 el volumen m\u00e1s alto en 57 a\u00f1os, con un valor de USD 2.122 millones. China, Estados Unidos, Chile, Israel y la Uni\u00f3n Europea lideran los destinos de exportaci\u00f3n, mostrando aumentos significativos en los env\u00edos.<\/p>\n<p>El 16% de las exportaciones correspondieron a cortes enfriados y el resto a cortes congelados, ampliando los destinos comerciales de 31 en 2023 a 44 en el presente a\u00f1o. La producci\u00f3n tambi\u00e9n mostr\u00f3 un alza, alcanzando 2.336 mil toneladas res con hueso, superando los promedios de los \u00faltimos a\u00f1os.<\/p>\n<p>Aunque las exportaciones aportan dinamismo al sector, el consumo interno plantea desaf\u00edos que reflejan las dificultades econ\u00f3micas del pa\u00eds. Los productores, por su parte, enfrentan la necesidad de mantener un equilibrio entre abastecer al mercado local y aprovechar las oportunidades del comercio exterior. Con las fiestas en puerta, la evoluci\u00f3n del precio de la carne ser\u00e1 un term\u00f3metro del impacto en los bolsillos argentinos.<\/p>\n","protected":false},"excerpt":{"rendered":"<p>Este ajuste, en parte, responde a una \u00abrecomposici\u00f3n\u00bb dentro de la cadena de producci\u00f3n, impulsada por la expectativa de las<\/p>\n","protected":false},"author":1,"featured_media":111241,"comment_status":"closed","ping_status":"closed","sticky":false,"template":"","format":"standard","meta":{"kia_subtitle":"Noviembre finaliza con un notable incremento en el precio de la carne vacuna, registrando subas de entre el 10% y el 12%, seg\u00fan datos del sector.","footnotes":"","jetpack_publicize_message":"","jetpack_publicize_feature_enabled":true,"jetpack_social_post_already_shared":true,"jetpack_social_options":{"image_generator_settings":{"template":"highway","default_image_id":0,"font":"","enabled":false},"version":2}},"categories":[3,41],"tags":[],"class_list":["post-111260","post","type-post","status-publish","format-standard","has-post-thumbnail","hentry","category-actualidad","category-nacionales"],"jetpack_publicize_connections":[],"jetpack_featured_media_url":"https:\/\/laurbedigital.com.ar\/noticias\/wp-content\/uploads\/2024\/11\/20241129-Carne.jpg","_links":{"self":[{"href":"https:\/\/laurbedigital.com.ar\/noticias\/wp-json\/wp\/v2\/posts\/111260","targetHints":{"allow":["GET"]}}],"collection":[{"href":"https:\/\/laurbedigital.com.ar\/noticias\/wp-json\/wp\/v2\/posts"}],"about":[{"href":"https:\/\/laurbedigital.com.ar\/noticias\/wp-json\/wp\/v2\/types\/post"}],"author":[{"embeddable":true,"href":"https:\/\/laurbedigital.com.ar\/noticias\/wp-json\/wp\/v2\/users\/1"}],"replies":[{"embeddable":true,"href":"https:\/\/laurbedigital.com.ar\/noticias\/wp-json\/wp\/v2\/comments?post=111260"}],"version-history":[{"count":2,"href":"https:\/\/laurbedigital.com.ar\/noticias\/wp-json\/wp\/v2\/posts\/111260\/revisions"}],"predecessor-version":[{"id":111262,"href":"https:\/\/laurbedigital.com.ar\/noticias\/wp-json\/wp\/v2\/posts\/111260\/revisions\/111262"}],"wp:featuredmedia":[{"embeddable":true,"href":"https:\/\/laurbedigital.com.ar\/noticias\/wp-json\/wp\/v2\/media\/111241"}],"wp:attachment":[{"href":"https:\/\/laurbedigital.com.ar\/noticias\/wp-json\/wp\/v2\/media?parent=111260"}],"wp:term":[{"taxonomy":"category","embeddable":true,"href":"https:\/\/laurbedigital.com.ar\/noticias\/wp-json\/wp\/v2\/categories?post=111260"},{"taxonomy":"post_tag","embeddable":true,"href":"https:\/\/laurbedigital.com.ar\/noticias\/wp-json\/wp\/v2\/tags?post=111260"}],"curies":[{"name":"wp","href":"https:\/\/api.w.org\/{rel}","templated":true}]}}