{"id":111257,"date":"2024-11-28T20:32:39","date_gmt":"2024-11-28T23:32:39","guid":{"rendered":"https:\/\/laurbedigital.com.ar\/noticias\/?p=111257"},"modified":"2024-11-28T20:32:39","modified_gmt":"2024-11-28T23:32:39","slug":"el-consumo-de-yerba-mate-en-argentina-caida-historica-y-desafios-del-sector","status":"publish","type":"post","link":"https:\/\/laurbedigital.com.ar\/noticias\/2024\/11\/28\/el-consumo-de-yerba-mate-en-argentina-caida-historica-y-desafios-del-sector\/","title":{"rendered":"El consumo de yerba mate en Argentina: ca\u00edda hist\u00f3rica y desaf\u00edos del sector"},"content":{"rendered":"<p>El consumo de yerba mate, uno de los \u00edconos culturales de Argentina, atraviesa un cr\u00edtico momento. Seg\u00fan el Instituto Nacional de la Yerba Mate (INYM), entre enero y octubre de 2024, el consumo interno cay\u00f3 un 8,91% respecto al mismo per\u00edodo del a\u00f1o anterior, marcando su nivel m\u00e1s bajo en ocho a\u00f1os. Este descenso se da en un contexto econ\u00f3mico caracterizado por el aumento de precios y una marcada p\u00e9rdida del poder adquisitivo, factores que han reducido la demanda en los hogares.<\/p>\n<p>En octubre, el consumo interno se situ\u00f3 en 22.424.232 kilos, una disminuci\u00f3n del 5,75% en relaci\u00f3n a septiembre y del 10,05% interanual. Los paquetes de medio kilo dominaron las ventas, representando el 56,53% del total, mientras que los de un kilo, tradicionalmente populares, cayeron al 37,83%. Esto evidencia que los consumidores priorizan presentaciones m\u00e1s econ\u00f3micas en un esfuerzo por ajustarse a presupuestos m\u00e1s restringidos.<\/p>\n<p>A pesar de la ca\u00edda interna, las exportaciones de yerba mate registraron un aumento cercano al 9% en comparaci\u00f3n con 2023. Entre enero y octubre, se exportaron 36.930.192 kilos, el volumen m\u00e1s alto desde 2019. Sin embargo, los env\u00edos al exterior en octubre representaron una baja del 22,7% frente a septiembre. Aun as\u00ed, se proyecta que el sector cierre el a\u00f1o con unos 42 millones de kilos exportados, un dato alentador para el mercado internacional.<\/p>\n<p>En contraste con la ca\u00edda en el consumo, la entrada de hoja verde a los secaderos alcanz\u00f3 un r\u00e9cord hist\u00f3rico en los primeros nueve meses del a\u00f1o, con 968.057.487 kilos procesados. Las condiciones clim\u00e1ticas favorables impulsaron esta sobreproducci\u00f3n, generando una baja en los precios de la materia prima, que quedaron incluso por debajo de los valores de 2023.<\/p>\n<p>Este exceso de oferta preocupa a los productores, que ahora enfrentan el desaf\u00edo de evitar una nueva saturaci\u00f3n del mercado en la pr\u00f3xima cosecha. De no tomarse medidas, los precios podr\u00edan continuar en descenso, agravando a\u00fan m\u00e1s la situaci\u00f3n econ\u00f3mica del sector.<\/p>\n","protected":false},"excerpt":{"rendered":"<p>El consumo de yerba mate, uno de los \u00edconos culturales de Argentina, atraviesa un cr\u00edtico momento. Seg\u00fan el Instituto Nacional<\/p>\n","protected":false},"author":1,"featured_media":111244,"comment_status":"closed","ping_status":"closed","sticky":false,"template":"","format":"standard","meta":{"kia_subtitle":"La yerba mate enfrenta su nivel m\u00e1s bajo de consumo interno desde 2016, un reflejo de las tensiones econ\u00f3micas y los cambios en los h\u00e1bitos de los consumidores.","footnotes":"","jetpack_publicize_message":"","jetpack_publicize_feature_enabled":true,"jetpack_social_post_already_shared":true,"jetpack_social_options":{"image_generator_settings":{"template":"highway","default_image_id":0,"font":"","enabled":false},"version":2}},"categories":[3,41],"tags":[],"class_list":["post-111257","post","type-post","status-publish","format-standard","has-post-thumbnail","hentry","category-actualidad","category-nacionales"],"jetpack_publicize_connections":[],"jetpack_featured_media_url":"https:\/\/laurbedigital.com.ar\/noticias\/wp-content\/uploads\/2024\/11\/20241129-Mate.jpg","_links":{"self":[{"href":"https:\/\/laurbedigital.com.ar\/noticias\/wp-json\/wp\/v2\/posts\/111257","targetHints":{"allow":["GET"]}}],"collection":[{"href":"https:\/\/laurbedigital.com.ar\/noticias\/wp-json\/wp\/v2\/posts"}],"about":[{"href":"https:\/\/laurbedigital.com.ar\/noticias\/wp-json\/wp\/v2\/types\/post"}],"author":[{"embeddable":true,"href":"https:\/\/laurbedigital.com.ar\/noticias\/wp-json\/wp\/v2\/users\/1"}],"replies":[{"embeddable":true,"href":"https:\/\/laurbedigital.com.ar\/noticias\/wp-json\/wp\/v2\/comments?post=111257"}],"version-history":[{"count":2,"href":"https:\/\/laurbedigital.com.ar\/noticias\/wp-json\/wp\/v2\/posts\/111257\/revisions"}],"predecessor-version":[{"id":111259,"href":"https:\/\/laurbedigital.com.ar\/noticias\/wp-json\/wp\/v2\/posts\/111257\/revisions\/111259"}],"wp:featuredmedia":[{"embeddable":true,"href":"https:\/\/laurbedigital.com.ar\/noticias\/wp-json\/wp\/v2\/media\/111244"}],"wp:attachment":[{"href":"https:\/\/laurbedigital.com.ar\/noticias\/wp-json\/wp\/v2\/media?parent=111257"}],"wp:term":[{"taxonomy":"category","embeddable":true,"href":"https:\/\/laurbedigital.com.ar\/noticias\/wp-json\/wp\/v2\/categories?post=111257"},{"taxonomy":"post_tag","embeddable":true,"href":"https:\/\/laurbedigital.com.ar\/noticias\/wp-json\/wp\/v2\/tags?post=111257"}],"curies":[{"name":"wp","href":"https:\/\/api.w.org\/{rel}","templated":true}]}}