{"id":111228,"date":"2024-11-27T23:19:06","date_gmt":"2024-11-28T02:19:06","guid":{"rendered":"https:\/\/laurbedigital.com.ar\/noticias\/?p=111228"},"modified":"2024-11-27T23:19:06","modified_gmt":"2024-11-28T02:19:06","slug":"justicia-exige-cumplimiento-de-pasajes-gratuitos-para-personas-con-discapacidad","status":"publish","type":"post","link":"https:\/\/laurbedigital.com.ar\/noticias\/2024\/11\/27\/justicia-exige-cumplimiento-de-pasajes-gratuitos-para-personas-con-discapacidad\/","title":{"rendered":"Justicia exige cumplimiento de pasajes gratuitos para personas con discapacidad"},"content":{"rendered":"<p>La Justicia ha ordenado a las empresas de transporte de mediana y larga distancia garantizar la entrega de pasajes gratuitos para personas con discapacidad, un beneficio establecido por la legislaci\u00f3n vigente. Este fallo surge tras una medida cautelar presentada el 25 de octubre por la Comisi\u00f3n Nacional de Regulaci\u00f3n del Transporte (CNRT), dependiente de la Secretar\u00eda de Transporte de la Naci\u00f3n, en respuesta a la suspensi\u00f3n del beneficio luego de la desregulaci\u00f3n del transporte interjurisdiccional decretada en octubre por el Gobierno.<\/p>\n<p>El Juzgado Contencioso Administrativo Federal N\u00b011 fall\u00f3 a favor de la medida, destacando la obligaci\u00f3n legal de las empresas de cumplir con la normativa y asegurar la movilidad inclusiva. La CNRT hab\u00eda se\u00f1alado a la C\u00e1mara Empresaria de Transporte Interurbano de Pasajeros (CELADI) por incumplir el sistema de protecci\u00f3n integral para personas con discapacidad.<\/p>\n<p>El fallo subraya que las empresas deben reservar un m\u00ednimo de dos asientos por servicio para personas con discapacidad, y garantizar pasajes gratuitos para los acompa\u00f1antes que lo requieran, siempre que cuenten con el certificado correspondiente. Adem\u00e1s, el tribunal advirti\u00f3 que cualquier incumplimiento ser\u00e1 fiscalizado y sancionado.<\/p>\n<p>El conflicto se origin\u00f3 cuando las empresas suspendieron el beneficio tras el decreto de desregulaci\u00f3n, argumentando que al dejar de ser consideradas un \u201cservicio p\u00fablico\u201d ya no estaban obligadas a otorgar estos pasajes. Seg\u00fan representantes del sector, la pol\u00edtica de gratuidad implicaba un costo de $3.500 millones mensuales, afectando la sostenibilidad econ\u00f3mica de las compa\u00f1\u00edas.<\/p>\n<p>Por su parte, el Gobierno reafirm\u00f3 que el acceso gratuito est\u00e1 garantizado por las leyes 22.431 y 25.635, destinadas a promover la inclusi\u00f3n social de las personas con discapacidad. Desde la CNRT, adem\u00e1s de celebrar el fallo, han alentado a los usuarios a reportar cualquier irregularidad para asegurar su cumplimiento efectivo.<\/p>\n<p>Organizaciones defensoras de los derechos de las personas con discapacidad han destacado la importancia de esta resoluci\u00f3n, que reafirma el compromiso de construir un sistema de transporte inclusivo y accesible.<\/p>\n<p>La medida judicial representa un avance significativo para la protecci\u00f3n de derechos fundamentales, poniendo en el centro la necesidad de garantizar la igualdad de oportunidades en el acceso al transporte, un aspecto clave para la vida diaria de miles de ciudadanos.<\/p>\n","protected":false},"excerpt":{"rendered":"<p>La Justicia ha ordenado a las empresas de transporte de mediana y larga distancia garantizar la entrega de pasajes gratuitos<\/p>\n","protected":false},"author":1,"featured_media":111229,"comment_status":"closed","ping_status":"closed","sticky":false,"template":"","format":"standard","meta":{"kia_subtitle":"Un fallo judicial restablece los derechos de movilidad gratuita en transporte interurbano tras una medida cautelar presentada por la CNRT.","footnotes":"","jetpack_publicize_message":"","jetpack_publicize_feature_enabled":true,"jetpack_social_post_already_shared":true,"jetpack_social_options":{"image_generator_settings":{"template":"highway","default_image_id":0,"font":"","enabled":false},"version":2}},"categories":[3,41],"tags":[],"class_list":["post-111228","post","type-post","status-publish","format-standard","has-post-thumbnail","hentry","category-actualidad","category-nacionales"],"jetpack_publicize_connections":[],"jetpack_featured_media_url":"https:\/\/laurbedigital.com.ar\/noticias\/wp-content\/uploads\/2024\/11\/20241128-Micro.jpg","_links":{"self":[{"href":"https:\/\/laurbedigital.com.ar\/noticias\/wp-json\/wp\/v2\/posts\/111228","targetHints":{"allow":["GET"]}}],"collection":[{"href":"https:\/\/laurbedigital.com.ar\/noticias\/wp-json\/wp\/v2\/posts"}],"about":[{"href":"https:\/\/laurbedigital.com.ar\/noticias\/wp-json\/wp\/v2\/types\/post"}],"author":[{"embeddable":true,"href":"https:\/\/laurbedigital.com.ar\/noticias\/wp-json\/wp\/v2\/users\/1"}],"replies":[{"embeddable":true,"href":"https:\/\/laurbedigital.com.ar\/noticias\/wp-json\/wp\/v2\/comments?post=111228"}],"version-history":[{"count":1,"href":"https:\/\/laurbedigital.com.ar\/noticias\/wp-json\/wp\/v2\/posts\/111228\/revisions"}],"predecessor-version":[{"id":111230,"href":"https:\/\/laurbedigital.com.ar\/noticias\/wp-json\/wp\/v2\/posts\/111228\/revisions\/111230"}],"wp:featuredmedia":[{"embeddable":true,"href":"https:\/\/laurbedigital.com.ar\/noticias\/wp-json\/wp\/v2\/media\/111229"}],"wp:attachment":[{"href":"https:\/\/laurbedigital.com.ar\/noticias\/wp-json\/wp\/v2\/media?parent=111228"}],"wp:term":[{"taxonomy":"category","embeddable":true,"href":"https:\/\/laurbedigital.com.ar\/noticias\/wp-json\/wp\/v2\/categories?post=111228"},{"taxonomy":"post_tag","embeddable":true,"href":"https:\/\/laurbedigital.com.ar\/noticias\/wp-json\/wp\/v2\/tags?post=111228"}],"curies":[{"name":"wp","href":"https:\/\/api.w.org\/{rel}","templated":true}]}}