{"id":111082,"date":"2024-11-22T23:12:40","date_gmt":"2024-11-23T02:12:40","guid":{"rendered":"https:\/\/laurbedigital.com.ar\/noticias\/?p=111082"},"modified":"2024-11-22T23:12:40","modified_gmt":"2024-11-23T02:12:40","slug":"sesgos-y-discriminacion-en-las-busquedas-laborales-una-realidad-preocupante","status":"publish","type":"post","link":"https:\/\/laurbedigital.com.ar\/noticias\/2024\/11\/22\/sesgos-y-discriminacion-en-las-busquedas-laborales-una-realidad-preocupante\/","title":{"rendered":"Sesgos y discriminaci\u00f3n en las b\u00fasquedas laborales: una realidad preocupante"},"content":{"rendered":"<p>Las b\u00fasquedas laborales no siempre ofrecen igualdad de oportunidades. Seg\u00fan un estudio realizado por Grow G\u00e9nero &amp; Trabajo en colaboraci\u00f3n con Bumeran, los procesos de selecci\u00f3n en Am\u00e9rica Latina est\u00e1n marcados por sesgos discriminatorios, lo que afecta a una gran parte de quienes buscan empleo.<\/p>\n<p>Entre los hallazgos m\u00e1s preocupantes, el 86% de las personas encuestadas afirm\u00f3 que los criterios utilizados en las b\u00fasquedas les recordaron experiencias de discriminaci\u00f3n vividas. La edad se posicion\u00f3 como el principal factor de exclusi\u00f3n, seguido por el aspecto f\u00edsico, la maternidad y el g\u00e9nero.<\/p>\n<h3>Los sesgos en n\u00fameros<\/h3>\n<p>El estudio destaca que el 68% de los encuestados identific\u00f3 la edad como el principal motivo de discriminaci\u00f3n, mientras que uno de cada cuatro se\u00f1al\u00f3 el aspecto f\u00edsico como un factor influyente en las decisiones de contrataci\u00f3n. Adem\u00e1s, un tercio de las mujeres cis consider\u00f3 que tener hijos afecta negativamente sus posibilidades de ser contratadas, en contraste con el 20% de los hombres cis que identificaron el sesgo de g\u00e9nero como un problema.<\/p>\n<p>Esta problem\u00e1tica no se limita a percepciones individuales. El 57% de los especialistas en recursos humanos reconoci\u00f3 haber enfrentado obst\u00e1culos relacionados con la inclusi\u00f3n en sus organizaciones. Sin embargo, solo el 25% de las empresas implementa medidas efectivas para promover la diversidad en el \u00e1mbito laboral.<\/p>\n<h3>Una campa\u00f1a disruptiva<\/h3>\n<p>Para visibilizar estos sesgos, se lanz\u00f3 la campa\u00f1a \u201cB\u00fasquedas irreales\u201d, en la que se publicaron avisos ficticios que evidenciaban pr\u00e1cticas discriminatorias. Avisos como \u201cAbogada sin hijos, sueldo 30% menor al de sus pares masculinos\u201d buscaban llamar la atenci\u00f3n y dirigir a los postulantes a un sitio web informativo sobre la problem\u00e1tica.<\/p>\n<p>Adem\u00e1s, se recopilaron testimonios que ilustran situaciones reales de discriminaci\u00f3n, como el caso de una persona rechazada por tener 56 a\u00f1os o de una mujer cuestionada sobre su \u00faltimo per\u00edodo menstrual durante una entrevista laboral.<\/p>\n<h3>Un desaf\u00edo pendiente<\/h3>\n<p>El informe tambi\u00e9n revel\u00f3 que, en solo un a\u00f1o, los casos reportados de discriminaci\u00f3n en b\u00fasquedas laborales se incrementaron significativamente, pasando del 35% en 2022 al 86% en 2023. Este aumento refleja una necesidad urgente de revisar y transformar los procesos de selecci\u00f3n para garantizar su equidad.<\/p>\n<p>Las organizaciones tienen en sus manos la responsabilidad de construir ambientes laborales inclusivos. Implementar estrategias efectivas y herramientas como las gu\u00edas para reclutamiento inclusivo ofrecidas por la campa\u00f1a puede ser el primer paso para erradicar estas pr\u00e1cticas discriminatorias. Solo as\u00ed ser\u00e1 posible avanzar hacia una sociedad m\u00e1s justa y equitativa.<\/p>\n","protected":false},"excerpt":{"rendered":"<p>Las b\u00fasquedas laborales no siempre ofrecen igualdad de oportunidades. Seg\u00fan un estudio realizado por Grow G\u00e9nero &amp; Trabajo en colaboraci\u00f3n<\/p>\n","protected":false},"author":1,"featured_media":111083,"comment_status":"closed","ping_status":"closed","sticky":false,"template":"","format":"standard","meta":{"kia_subtitle":"Una encuesta revela que el 86% de las personas identifica sesgos y discriminaci\u00f3n en los procesos de selecci\u00f3n, con la edad y el g\u00e9nero como factores principales.","footnotes":"","jetpack_publicize_message":"","jetpack_publicize_feature_enabled":true,"jetpack_social_post_already_shared":true,"jetpack_social_options":{"image_generator_settings":{"template":"highway","default_image_id":0,"font":"","enabled":false},"version":2}},"categories":[3],"tags":[],"class_list":["post-111082","post","type-post","status-publish","format-standard","has-post-thumbnail","hentry","category-actualidad"],"jetpack_publicize_connections":[],"jetpack_featured_media_url":"https:\/\/laurbedigital.com.ar\/noticias\/wp-content\/uploads\/2024\/11\/20241123-busqueda-laboral.jpg","_links":{"self":[{"href":"https:\/\/laurbedigital.com.ar\/noticias\/wp-json\/wp\/v2\/posts\/111082","targetHints":{"allow":["GET"]}}],"collection":[{"href":"https:\/\/laurbedigital.com.ar\/noticias\/wp-json\/wp\/v2\/posts"}],"about":[{"href":"https:\/\/laurbedigital.com.ar\/noticias\/wp-json\/wp\/v2\/types\/post"}],"author":[{"embeddable":true,"href":"https:\/\/laurbedigital.com.ar\/noticias\/wp-json\/wp\/v2\/users\/1"}],"replies":[{"embeddable":true,"href":"https:\/\/laurbedigital.com.ar\/noticias\/wp-json\/wp\/v2\/comments?post=111082"}],"version-history":[{"count":1,"href":"https:\/\/laurbedigital.com.ar\/noticias\/wp-json\/wp\/v2\/posts\/111082\/revisions"}],"predecessor-version":[{"id":111084,"href":"https:\/\/laurbedigital.com.ar\/noticias\/wp-json\/wp\/v2\/posts\/111082\/revisions\/111084"}],"wp:featuredmedia":[{"embeddable":true,"href":"https:\/\/laurbedigital.com.ar\/noticias\/wp-json\/wp\/v2\/media\/111083"}],"wp:attachment":[{"href":"https:\/\/laurbedigital.com.ar\/noticias\/wp-json\/wp\/v2\/media?parent=111082"}],"wp:term":[{"taxonomy":"category","embeddable":true,"href":"https:\/\/laurbedigital.com.ar\/noticias\/wp-json\/wp\/v2\/categories?post=111082"},{"taxonomy":"post_tag","embeddable":true,"href":"https:\/\/laurbedigital.com.ar\/noticias\/wp-json\/wp\/v2\/tags?post=111082"}],"curies":[{"name":"wp","href":"https:\/\/api.w.org\/{rel}","templated":true}]}}