{"id":111001,"date":"2024-11-20T13:56:57","date_gmt":"2024-11-20T16:56:57","guid":{"rendered":"https:\/\/laurbedigital.com.ar\/noticias\/?p=111001"},"modified":"2024-11-20T14:03:43","modified_gmt":"2024-11-20T17:03:43","slug":"con-un-emotivo-acto-se-conmemoro-el-dia-de-la-soberania-nacional-en-alte-brown","status":"publish","type":"post","link":"https:\/\/laurbedigital.com.ar\/noticias\/2024\/11\/20\/con-un-emotivo-acto-se-conmemoro-el-dia-de-la-soberania-nacional-en-alte-brown\/","title":{"rendered":"Con un emotivo acto se conmemor\u00f3 el \u00abD\u00eda de la Soberan\u00eda Nacional\u00bb en Alte Brown"},"content":{"rendered":"<p>All\u00ed, el jefe comunal junto a vecinos y funcionarios del Ejecutivo y el Legislativo municipal, coloc\u00f3 una ofrenda floral en el marco de la fecha Patria que recuerda el 179\u00b0 aniversario de la Batalla de la Vuelta de Obligado en la que las fuerzas argentinas se enfrentaron en inferioridad de condiciones a una armada de buques anglo-franceses para defender el territorio sobre nuestros r\u00edos.<\/p>\n<p>Dicha epopeya ocurrida en 1845 marc\u00f3 un hito por el cual, cada 20 de noviembre, se conmemora este acto de independencia y Soberan\u00eda.<\/p>\n<p><img loading=\"lazy\" decoding=\"async\" class=\"alignnone size-full wp-image-111003\" src=\"https:\/\/laurbedigital.com.ar\/noticias\/wp-content\/uploads\/2024\/11\/20241120-Brown-Cascallares-Rosas-1.jpg\" alt=\"\" width=\"768\" height=\"428\" title=\"\" srcset=\"https:\/\/laurbedigital.com.ar\/noticias\/wp-content\/uploads\/2024\/11\/20241120-Brown-Cascallares-Rosas-1.jpg 768w, https:\/\/laurbedigital.com.ar\/noticias\/wp-content\/uploads\/2024\/11\/20241120-Brown-Cascallares-Rosas-1-300x167.jpg 300w\" sizes=\"auto, (max-width: 768px) 100vw, 768px\" \/><\/p>\n<h6><strong><em>Durante la jornada, Cascallares se\u00f1al\u00f3: \u201cCelebramos un nuevo aniversario de la hist\u00f3rica gesta de Vuelta de Obligado y homenajeamos a todos aquellos heroicos patriotas que defendieron nuestra soberan\u00eda nacional\u201d.<\/em><\/strong><\/h6>\n<p>Participaron tambi\u00e9n del encuentro el presidente del Honorable Concejo Deliberante, Nicol\u00e1s Jawtuschenko; el presidente del Instituto Municipal de las Culturas, Juan Manuel Pereira Ben\u00edtez; la directora de Patrimonio Cultural, Sandra Agis; el delegado Municipal de Ministro Rivadavia, Rodolfo D\u00edaz V\u00e9lez y el coordinador de Tradicionalismo, Ismael Rodr\u00edguez, entre otros.<\/p>\n","protected":false},"excerpt":{"rendered":"<p>All\u00ed, el jefe comunal junto a vecinos y funcionarios del Ejecutivo y el Legislativo municipal, coloc\u00f3 una ofrenda floral en<\/p>\n","protected":false},"author":1,"featured_media":111002,"comment_status":"closed","ping_status":"closed","sticky":false,"template":"","format":"standard","meta":{"kia_subtitle":"El intendente de Almirante Brown, Mariano Cascallares, encabez\u00f3 esta ma\u00f1ana un emotivo acto en conmemoraci\u00f3n del D\u00eda de la Soberan\u00eda Nacional que se realiz\u00f3 al pie del monumento del brigadier Juan Manuel de Rosas, ubicado la intersecci\u00f3n de las calles Rep\u00fablica Argentina y 25 de Mayo en la localidad de Ministro Rivadavia.","footnotes":"","jetpack_publicize_message":"","jetpack_publicize_feature_enabled":true,"jetpack_social_post_already_shared":true,"jetpack_social_options":{"image_generator_settings":{"template":"highway","default_image_id":0,"font":"","enabled":false},"version":2}},"categories":[2,33,250],"tags":[],"class_list":["post-111001","post","type-post","status-publish","format-standard","has-post-thumbnail","hentry","category-alte-brown","category-alte-brown-alte-brown","category-ministro-rivadavia"],"jetpack_publicize_connections":[],"jetpack_featured_media_url":"https:\/\/laurbedigital.com.ar\/noticias\/wp-content\/uploads\/2024\/11\/20241120-Brown-Cascallares-Rosas.jpg","_links":{"self":[{"href":"https:\/\/laurbedigital.com.ar\/noticias\/wp-json\/wp\/v2\/posts\/111001","targetHints":{"allow":["GET"]}}],"collection":[{"href":"https:\/\/laurbedigital.com.ar\/noticias\/wp-json\/wp\/v2\/posts"}],"about":[{"href":"https:\/\/laurbedigital.com.ar\/noticias\/wp-json\/wp\/v2\/types\/post"}],"author":[{"embeddable":true,"href":"https:\/\/laurbedigital.com.ar\/noticias\/wp-json\/wp\/v2\/users\/1"}],"replies":[{"embeddable":true,"href":"https:\/\/laurbedigital.com.ar\/noticias\/wp-json\/wp\/v2\/comments?post=111001"}],"version-history":[{"count":3,"href":"https:\/\/laurbedigital.com.ar\/noticias\/wp-json\/wp\/v2\/posts\/111001\/revisions"}],"predecessor-version":[{"id":111006,"href":"https:\/\/laurbedigital.com.ar\/noticias\/wp-json\/wp\/v2\/posts\/111001\/revisions\/111006"}],"wp:featuredmedia":[{"embeddable":true,"href":"https:\/\/laurbedigital.com.ar\/noticias\/wp-json\/wp\/v2\/media\/111002"}],"wp:attachment":[{"href":"https:\/\/laurbedigital.com.ar\/noticias\/wp-json\/wp\/v2\/media?parent=111001"}],"wp:term":[{"taxonomy":"category","embeddable":true,"href":"https:\/\/laurbedigital.com.ar\/noticias\/wp-json\/wp\/v2\/categories?post=111001"},{"taxonomy":"post_tag","embeddable":true,"href":"https:\/\/laurbedigital.com.ar\/noticias\/wp-json\/wp\/v2\/tags?post=111001"}],"curies":[{"name":"wp","href":"https:\/\/api.w.org\/{rel}","templated":true}]}}