{"id":11089,"date":"2018-01-19T16:27:22","date_gmt":"2018-01-19T19:27:22","guid":{"rendered":"http:\/\/laurbedigital.com.ar\/noticias\/?p=11089"},"modified":"2018-01-19T16:27:22","modified_gmt":"2018-01-19T19:27:22","slug":"denuncian-120-despidos-hospital-posadas","status":"publish","type":"post","link":"https:\/\/laurbedigital.com.ar\/noticias\/2018\/01\/19\/denuncian-120-despidos-hospital-posadas\/","title":{"rendered":"Denuncian 120 despidos en el Hospital Posadas"},"content":{"rendered":"<p>As\u00ed lo confirma en un comunicado la Asociaci\u00f3n de Profesionales de la Salud (CICOP) en el cual \u00abrepudia los despidos en el Hospital Nacional Posadas y las agresiones padecidas por los trabajadores\u00bb.<\/p>\n<p>\u00abEl Gobierno nacional, en otro avance sobre sectores estatales que asisten a la poblaci\u00f3n garantizando su derecho a la Salud, cesante\u00f3 a m\u00e1s de un centenar de trabajadores en el Hospital Nacional Posadas, quienes no figuran en los listados de renovaci\u00f3n de contratos dados a conocer el viernes 12 de enero\u00bb, destacan la entidad de m\u00e9dicos.<\/p>\n<p>A su vez resalta que \u00abesta situaci\u00f3n se da en el marco de un conflicto en el que fueron afectados los derechos de numerosos trabajadores de enfermer\u00eda, a quienes se les modificaron sus condiciones de trabajo de modo intempestivo, en un conflicto que fue llevado a la justicia obteniendo un fallo favorable para los trabajadores en primera instancia, medida que el Hospital nunca acat\u00f3. La lista de cesanteados incluir\u00eda un n\u00famero muy importante de esos compa\u00f1eros y compa\u00f1eras, muchos de ellos bajo amparo judicial\u00bb.<\/p>\n<p>Adem\u00e1s el despidos de los trabajadores se dio en marco del ingreso de fuerzas de seguridad al nosocomio.<\/p>\n<p>Durante esta tarde de hoy adem\u00e1s, se llev\u00f3 a cabo una asamblea con un gran n\u00famero de trabajadores, que exigieron la reincorporaci\u00f3n de los alrededor de 120 despedidos y el vaciamiento del hospital y la salud p\u00fablica.<\/p>\n","protected":false},"excerpt":{"rendered":"<p>As\u00ed lo confirma en un comunicado la Asociaci\u00f3n de Profesionales de la Salud (CICOP) en el cual \u00abrepudia los despidos<\/p>\n","protected":false},"author":1,"featured_media":11090,"comment_status":"closed","ping_status":"closed","sticky":false,"template":"","format":"standard","meta":{"kia_subtitle":"","footnotes":"","jetpack_publicize_message":"","jetpack_publicize_feature_enabled":true,"jetpack_social_post_already_shared":true,"jetpack_social_options":{"image_generator_settings":{"template":"highway","default_image_id":0,"font":"","enabled":false},"version":2}},"categories":[41,3],"tags":[],"class_list":["post-11089","post","type-post","status-publish","format-standard","has-post-thumbnail","hentry","category-nacionales","category-actualidad"],"jetpack_publicize_connections":[],"jetpack_featured_media_url":"https:\/\/laurbedigital.com.ar\/noticias\/wp-content\/uploads\/2018\/01\/20180119-nac.jpg","_links":{"self":[{"href":"https:\/\/laurbedigital.com.ar\/noticias\/wp-json\/wp\/v2\/posts\/11089","targetHints":{"allow":["GET"]}}],"collection":[{"href":"https:\/\/laurbedigital.com.ar\/noticias\/wp-json\/wp\/v2\/posts"}],"about":[{"href":"https:\/\/laurbedigital.com.ar\/noticias\/wp-json\/wp\/v2\/types\/post"}],"author":[{"embeddable":true,"href":"https:\/\/laurbedigital.com.ar\/noticias\/wp-json\/wp\/v2\/users\/1"}],"replies":[{"embeddable":true,"href":"https:\/\/laurbedigital.com.ar\/noticias\/wp-json\/wp\/v2\/comments?post=11089"}],"version-history":[{"count":1,"href":"https:\/\/laurbedigital.com.ar\/noticias\/wp-json\/wp\/v2\/posts\/11089\/revisions"}],"predecessor-version":[{"id":11091,"href":"https:\/\/laurbedigital.com.ar\/noticias\/wp-json\/wp\/v2\/posts\/11089\/revisions\/11091"}],"wp:featuredmedia":[{"embeddable":true,"href":"https:\/\/laurbedigital.com.ar\/noticias\/wp-json\/wp\/v2\/media\/11090"}],"wp:attachment":[{"href":"https:\/\/laurbedigital.com.ar\/noticias\/wp-json\/wp\/v2\/media?parent=11089"}],"wp:term":[{"taxonomy":"category","embeddable":true,"href":"https:\/\/laurbedigital.com.ar\/noticias\/wp-json\/wp\/v2\/categories?post=11089"},{"taxonomy":"post_tag","embeddable":true,"href":"https:\/\/laurbedigital.com.ar\/noticias\/wp-json\/wp\/v2\/tags?post=11089"}],"curies":[{"name":"wp","href":"https:\/\/api.w.org\/{rel}","templated":true}]}}