{"id":110865,"date":"2024-11-16T00:08:18","date_gmt":"2024-11-16T03:08:18","guid":{"rendered":"https:\/\/laurbedigital.com.ar\/noticias\/?p=110865"},"modified":"2024-11-15T23:06:40","modified_gmt":"2024-11-16T02:06:40","slug":"dia-internacional-de-la-tolerancia-un-llamado-urgente-a-la-convivencia","status":"publish","type":"post","link":"https:\/\/laurbedigital.com.ar\/noticias\/2024\/11\/16\/dia-internacional-de-la-tolerancia-un-llamado-urgente-a-la-convivencia\/","title":{"rendered":"D\u00eda Internacional de la Tolerancia: Un llamado urgente a la convivencia"},"content":{"rendered":"<p>En un mundo cada vez m\u00e1s globalizado, las diferencias culturales, sociales y pol\u00edticas est\u00e1n m\u00e1s presentes que nunca. Cada 16 de noviembre, el D\u00eda Internacional de la Tolerancia nos invita a reflexionar sobre c\u00f3mo convivimos con quienes piensan, sienten y viven de manera distinta a la nuestra. Esta fecha, establecida por la UNESCO en 1995, subraya la importancia de reconocer y aceptar la diversidad como un valor fundamental para la paz y el desarrollo sostenible.<\/p>\n<h4><strong>Un principio universal<\/strong><\/h4>\n<p>La tolerancia no es simplemente un acto de aceptar a rega\u00f1adientes las diferencias; es un principio activo que exige respeto, di\u00e1logo y empat\u00eda. Seg\u00fan la Declaraci\u00f3n de Principios sobre la Tolerancia de la UNESCO, este valor es clave para garantizar que los derechos humanos sean una realidad para todos, sin importar su raza, g\u00e9nero, religi\u00f3n o ideolog\u00eda. En tiempos donde los discursos de odio proliferan y las polarizaciones se acent\u00faan, la tolerancia se erige como una necesidad urgente.<\/p>\n<h4><strong>Los desaf\u00edos de hoy<\/strong><\/h4>\n<p>El mundo enfrenta una serie de desaf\u00edos que ponen a prueba nuestra capacidad para ser tolerantes. El aumento de los conflictos armados, las migraciones masivas, el auge de los extremismos y el impacto de las redes sociales como amplificadores de prejuicios han evidenciado la fragilidad del tejido social. Seg\u00fan datos de Naciones Unidas, m\u00e1s del 70% de las personas consideran que la intolerancia ha crecido en sus comunidades durante los \u00faltimos a\u00f1os.<\/p>\n<p>En este contexto, la educaci\u00f3n desempe\u00f1a un rol crucial. Ense\u00f1ar desde la infancia valores como la empat\u00eda y el respeto es fundamental para construir sociedades m\u00e1s justas e inclusivas. Adem\u00e1s, las pol\u00edticas p\u00fablicas deben fomentar espacios de di\u00e1logo intercultural y combatir activamente los discursos que promuevan la discriminaci\u00f3n.<\/p>\n<h4><strong>Peque\u00f1os gestos, grandes cambios<\/strong><\/h4>\n<p>La tolerancia no solo se construye en las altas esferas del poder o a trav\u00e9s de grandes iniciativas. Cada acci\u00f3n cotidiana cuenta. Escuchar sin juzgar, evitar generalizaciones y cuestionar nuestros propios prejuicios son gestos que, aunque peque\u00f1os, tienen un impacto significativo. Promover estas pr\u00e1cticas puede transformar comunidades y crear entornos donde la diversidad sea motivo de enriquecimiento, no de divisi\u00f3n.<\/p>\n<h4><strong>Un llamado a la acci\u00f3n<\/strong><\/h4>\n<p>En este D\u00eda Internacional de la Tolerancia, el llamado es claro: abrazar la diversidad y trabajar por un mundo donde las diferencias no sean una barrera, sino un puente. La tarea no es f\u00e1cil, pero como sociedad tenemos la responsabilidad y la oportunidad de construir un futuro m\u00e1s inclusivo.<\/p>\n<p>La tolerancia no es un fin en s\u00ed mismo, sino el medio para alcanzar la paz y la justicia. Que esta fecha nos inspire a dar los pasos necesarios para hacerla parte esencial de nuestra convivencia diaria.<\/p>\n","protected":false},"excerpt":{"rendered":"<p>En un mundo cada vez m\u00e1s globalizado, las diferencias culturales, sociales y pol\u00edticas est\u00e1n m\u00e1s presentes que nunca. Cada 16<\/p>\n","protected":false},"author":1,"featured_media":110868,"comment_status":"closed","ping_status":"closed","sticky":false,"template":"","format":"standard","meta":{"kia_subtitle":"La importancia de construir un mundo m\u00e1s inclusivo y respetuoso en tiempos de divisi\u00f3n.","footnotes":"","jetpack_publicize_message":"","jetpack_publicize_feature_enabled":true,"jetpack_social_post_already_shared":true,"jetpack_social_options":{"image_generator_settings":{"template":"highway","default_image_id":0,"font":"","enabled":false},"version":2}},"categories":[5,2594],"tags":[],"class_list":["post-110865","post","type-post","status-publish","format-standard","has-post-thumbnail","hentry","category-cultura","category-efemerides"],"jetpack_publicize_connections":[],"jetpack_featured_media_url":"https:\/\/laurbedigital.com.ar\/noticias\/wp-content\/uploads\/2024\/11\/20241116-Tolerancia.jpg","_links":{"self":[{"href":"https:\/\/laurbedigital.com.ar\/noticias\/wp-json\/wp\/v2\/posts\/110865","targetHints":{"allow":["GET"]}}],"collection":[{"href":"https:\/\/laurbedigital.com.ar\/noticias\/wp-json\/wp\/v2\/posts"}],"about":[{"href":"https:\/\/laurbedigital.com.ar\/noticias\/wp-json\/wp\/v2\/types\/post"}],"author":[{"embeddable":true,"href":"https:\/\/laurbedigital.com.ar\/noticias\/wp-json\/wp\/v2\/users\/1"}],"replies":[{"embeddable":true,"href":"https:\/\/laurbedigital.com.ar\/noticias\/wp-json\/wp\/v2\/comments?post=110865"}],"version-history":[{"count":1,"href":"https:\/\/laurbedigital.com.ar\/noticias\/wp-json\/wp\/v2\/posts\/110865\/revisions"}],"predecessor-version":[{"id":110869,"href":"https:\/\/laurbedigital.com.ar\/noticias\/wp-json\/wp\/v2\/posts\/110865\/revisions\/110869"}],"wp:featuredmedia":[{"embeddable":true,"href":"https:\/\/laurbedigital.com.ar\/noticias\/wp-json\/wp\/v2\/media\/110868"}],"wp:attachment":[{"href":"https:\/\/laurbedigital.com.ar\/noticias\/wp-json\/wp\/v2\/media?parent=110865"}],"wp:term":[{"taxonomy":"category","embeddable":true,"href":"https:\/\/laurbedigital.com.ar\/noticias\/wp-json\/wp\/v2\/categories?post=110865"},{"taxonomy":"post_tag","embeddable":true,"href":"https:\/\/laurbedigital.com.ar\/noticias\/wp-json\/wp\/v2\/tags?post=110865"}],"curies":[{"name":"wp","href":"https:\/\/api.w.org\/{rel}","templated":true}]}}